{"id":1451,"count":1,"description":"","link":"https:\/\/data.si\/hr\/oznaka\/ulaz-na-eu-trziste-sa-slovenackom-firmom\/","name":"Ulaz na EU tr\u017ei\u0161te sa slovena\u010dkom firmom","slug":"ulaz-na-eu-trziste-sa-slovenackom-firmom","taxonomy":"post_tag","meta":[],"_links":{"self":[{"href":"https:\/\/data.si\/hr\/wp-json\/wp\/v2\/tags\/1451","targetHints":{"allow":["GET"]}}],"collection":[{"href":"https:\/\/data.si\/hr\/wp-json\/wp\/v2\/tags"}],"about":[{"href":"https:\/\/data.si\/hr\/wp-json\/wp\/v2\/taxonomies\/post_tag"}],"wp:post_type":[{"href":"https:\/\/data.si\/hr\/wp-json\/wp\/v2\/posts?tags=1451"}],"curies":[{"name":"wp","href":"https:\/\/api.w.org\/{rel}","templated":true}]}}