{"id":8218,"date":"2019-04-16T09:41:42","date_gmt":"2019-04-16T07:41:42","guid":{"rendered":"https:\/\/data.si\/hr\/?p=8218"},"modified":"2019-04-16T09:41:42","modified_gmt":"2019-04-16T07:41:42","slug":"praznici-u-evropskoj-uniji-neradni-dani","status":"publish","type":"post","link":"https:\/\/data.si\/hr\/praznici-u-evropskoj-uniji-neradni-dani\/","title":{"rendered":"Praznici u Evropskoj Uniji &#8211; koji su neradni dani?"},"content":{"rendered":"<p>Praznici u EU &#8211; <strong><a href=\"https:\/\/data.si\/hr\/kompletna-podrska-u-otvaranju-firme\/\">otvaranje firme<\/a><\/strong> i poslovanje u bilo kojoj zemlji zna\u010di da se morate pridr\u017eavati profesionalnog kodeksa pona\u0161anja te zemlje. Ovo uklju\u010duje i saznanje kada odre\u0111ena zemlja ima javne praznike. Uglavnom su to neradni dani i tada su kancelarije i javne ustanove zatvorene. Ako va\u0161e poslovanje uklju\u010duje poslovanje sa me\u0111unarodnim partnerima, dobro je znati kada te zemlje imaju svoje dr\u017eavne praznike, dakle, neradne dane.<\/p>\n<p>Ukoliko vas zanima <a href=\"https:\/\/data.si\/hr\/kratak-vodic-za-otvaranje-firme-u-sloveniji\/\"><strong>postupak otvaranja firme u Sloveniji<\/strong><\/a>, DATA vam mo\u017ee pomo\u0107i prilikom celog postupka.<\/p>\n<h2>Praznici u Evropi\u00a0 &#8211; Slovenija<\/h2>\n<p>Kada poslujete u Sloveniji, morate uzeti u obzir da pored javnih praznika koji su isti kao i drugde u <a href=\"https:\/\/en.wikipedia.org\/wiki\/European_Union\">Evropi<\/a>, ima i onih koji su specifi\u010dni za Sloveniju. Jedan od njih je 8. februar, Pre\u0161ernov dan. To je kulturni dr\u017eavni praznik koji ozna\u010dava smrt najpoznatijeg slovena\u010dkog pesnika, Franceta Pre\u0161erna. Pre\u0161eren je napisao stihove slovena\u010dke himne. Druga podru\u010dja specifi\u010dna za teritoriju su Dan otpora 27. aprila, 2. maj kao dodatni dr\u017eavni praznik za Dan rada, Dan dr\u017eavnosti 25. juna, Dan reformacije 31. oktobra i 26. decembar koji je Dan nezavisnosti.<\/p>\n<p>U Sloveniji kao strani dr\u017eavljani mo\u017eete <strong><a href=\"https:\/\/data.si\/hr\/kompletna-podrska-u-otvaranju-firme\/drustvo-sa-ogranicenom-odgovornoscu\/\">otvoriti d.o.o.<\/a><\/strong> kao fizi\u010dko lice, <a href=\"https:\/\/data.si\/hr\/tvrtka-kci-kako-prosiriti-svoj-posao\/\"><strong>d.o.o. kao tvrtku k\u0107i<\/strong><\/a>\u00a0ili <strong><a href=\"https:\/\/data.si\/hr\/otvaranje-podruznice-u-sloveniji\/\">predstavni\u0161tvo<\/a> <\/strong>ako ve\u0107 imate svoj d.o.o.<\/p>\n<section class=\"call-to-action mb-xl\" style=\"background-color: #f87217; padding-top: 10px; padding-bottom: 10px; text-align: center;\">\n<div class=\"call-to-action-content\" style=\"padding: 20px; color: white;\">\n<h3 style=\"color: white;\"><strong>Zanima vas otvaranje firme?<\/strong><\/h3>\n<h4 style=\"color: white;\">Nazovite nas za vi\u0161e informacija na <a style=\"color: white;\" href=\"tel:0038616001542\">+386 1 6001 542<\/a> ili nam pi\u0161ite na <a style=\"color: white;\" href=\"mailto:data@data.si\">data@data.si<\/a>.<\/h4>\n<\/div>\n<div class=\"call-to-action-btn\" style=\"text-align: center; padding-bottom: 20px;\"><a class=\"btn btn-lg btn-default\" style=\"background-color: #005480; color: white;\" href=\"https:\/\/data.si\/hr\/kontakt\/\">Po\u0161aljite nam poruku<\/a><\/div>\n<\/section>\n<p>&nbsp;<\/p>\n<h2>Praznici u Evropi\u00a0 &#8211; Austrija<\/h2>\n<p>Ako \u0161irite svoje poslovanje u Evropi, morate uzeti u obzir i praznike u drugim zemljama, posebno u susednim zemljama. Jedna od susednih zemalja je Austrija &#8211; sused na severu Slovenije. Njihovi dr\u017eavni praznici i neradni dani su:<\/p>\n<p>1. januar &#8211; Novogodi\u0161nji dan<\/p>\n<p>6. januar &#8211; Bogojavljanje<\/p>\n<p>22. april &#8211; Uskr\u0161nji ponedeljak<\/p>\n<p>10. jun &#8211; Duhovski ponedeljak<\/p>\n<p>20. jun &#8211; Dan presvetog tela i krvi Hristove<\/p>\n<p>15. avgust &#8211; Uspenje Bogorodice<\/p>\n<p>26. oktobar &#8211; Nacionalni dan<\/p>\n<p>1. novembar &#8211; Dan svih svetaca<\/p>\n<p>8. decembar &#8211; Bezgre\u0161no za\u010dec\u0301e<\/p>\n<p>25. decembar &#8211; Bo\u017eic\u0301<\/p>\n<p>26. decembar &#8211; Dan Svetog Stefana<\/p>\n<h2>Praznici u Evropi &#8211; Italija<\/h2>\n<p>Italija je sused Slovenije prema zapadu. Italija deli mnoge iste praznike sa Austrijom zbog iste religijske pozadine. Na primer, isti javni praznici su Nova godina, Bogojavljanje i Uskr\u0161nji ponedeljak, tako\u0111e proslavlja i Uskrs 21. aprila. Italija ne slavi Dan presvetog tela i krvi Hristove, vec\u0301 slavi Dan blagdana Velike Gospe, ali slavi dan Svih Svetih, Bezgre\u0161nog Za\u010dec\u0301a, Bo\u017eic\u0301 i dan Sv. Stefana na iste dane kao Austrija. Njihovi posebni praznici su:<\/p>\n<p>25. april &#8211; Dan oslobo\u0111enja<\/p>\n<p>1. maj &#8211; Me\u0111unarodni dan radnika<\/p>\n<p>2. jun &#8211; Dan Republike<\/p>\n<h2>Praznici u Evropi &#8211; Ma\u0111arska<\/h2>\n<p>Ma\u0111arska je sused Slovenije na istoku. Njihovi dr\u017eavni praznici su uglavnom i verski praznici.<\/p>\n<p>1. januar &#8211; Novogodi\u0161nji dan<\/p>\n<p>15. mart &#8211; Dan revolucije<\/p>\n<p>19. april &#8211; Veliki petak<\/p>\n<p>22. april &#8211; Uskr\u0161nji ponedeljak<\/p>\n<p>1. maj &#8211; Praznik rada<\/p>\n<p>10. jun &#8211; Duhovski ponedeljak<\/p>\n<p>19. i 20. avgust &#8211; Dan Svetog Stefana<\/p>\n<p>23. oktobar &#8211; Dan Republike<\/p>\n<p>1. novembar &#8211; Sveti dan<\/p>\n<p>Od 24. decembra do 27. decembra svi su dr\u017eavni praznici vezani za Bo\u017eic\u0301.<\/p>\n<h2>Praznici u Evropi &#8211; Hrvatska<\/h2>\n<p>Posljednja od suseda Slovenije je Hrvatska. To je kom\u0161ija na jugu i tako\u0111e zemlja EU. Oni proslavljaju Novogodi\u0161nji dan, Bogojavljanje, Uskr\u0161nji ponedeljak, Dan presvetog tela i krvi Hristove, Uskrs, Sveti dan, Bo\u017eic\u0301 i Dan Svetog Stefana isto kao i Austrija. Njihovi posebni praznici su:<\/p>\n<p>1. maj &#8211; Praznik rada<\/p>\n<p>22. jun &#8211; Dan antifa\u0161isti\u010dkog otpora<\/p>\n<p>25. jun &#8211; Dan dr\u017eavnosti<\/p>\n<p>5. avgust &#8211; Dan pobede i domovinske zahvalnosti<\/p>\n<p>8. oktobar &#8211; Dan nezavisnosti<\/p>\n<h2>Da li vas zanima kako otvoriti firmu u Sloveniji?<\/h2>\n<p>Na\u0161e knjigovo\u0111e mogu ponuditi\u00a0<strong><a href=\"https:\/\/data.si\/hr\/knjigovodstvene-usluge\/\">knjigovodstvene<\/a><\/strong>, <strong><a href=\"https:\/\/data.si\/hr\/poresko-finansijsko-savetovanje\/\">poreske i finansijske usluge<\/a><\/strong> u skladu sa slovena\u010dkim knjigovodstvenim standardima. Data ima\u00a045 stru\u010dnjaka sa razli\u010ditih podru\u010dja. Na\u0161i stru\u010dnjaci vam mogu ponuditi\u00a0<strong><a href=\"https:\/\/data.si\/hr\/usluge\/\">poslovno savetovanje<\/a><\/strong>\u00a0u vezi oporezivanja, radnog zakonodavstva, osoblja i preduzetni\u0161tva. Imamo tako\u0111e i\u00a0pravnike u DATI, koji vam mogu pripremiti ugovore iz civilnog i privrednog prava u skladu sa slovena\u010dkim zakonodavstvom.<\/p>\n<p>Ukoliko vas interesuje kako otvoriti d.o.o. u Sloveniji ili vam je potreban pravni savet, po\u0161aljite nam upit na\u00a0e-mail\u00a0<strong><a href=\"mailto:data@data.si\">data@data.si<\/a><\/strong>\u00a0ili nas nazovite na telefonski broj +386 1 6001 530 ili Viber: +386 30 640 995. Tako\u0111e vam predla\u017eemo da posetite na\u0161\u00a0<a href=\"https:\/\/www.facebook.com\/Data-doo-Osnivanje-firme-706699876048920\/\" target=\"_blank\" rel=\"noopener\">Facebook<\/a>.<\/p>\n","protected":false},"excerpt":{"rendered":"<p>Praznici u EU &#8211; otvaranje firme i poslovanje u bilo kojoj zemlji zna\u010di da se morate pridr\u017eavati profesionalnog kodeksa pona\u0161anja te zemlje. Ovo uklju\u010duje i saznanje kada odre\u0111ena zemlja ima javne praznike. Uglavnom su to neradni dani i tada su kancelarije i javne ustanove zatvorene. Ako va\u0161e poslovanje uklju\u010duje poslovanje sa me\u0111unarodnim partnerima, dobro je [&hellip;]<\/p>\n","protected":false},"author":13,"featured_media":8237,"comment_status":"closed","ping_status":"closed","sticky":false,"template":"","format":"standard","meta":{"footnotes":""},"categories":[1,10,6,4],"tags":[12,1318,1319],"yst_prominent_words":[],"class_list":["post-8218","post","type-post","status-publish","format-standard","has-post-thumbnail","hentry","category-biznis","category-eu","category-osnivanje-poduzeca","category-slovenija","tag-otvaranje-firme-u-sloveniji","tag-praznici-u-evropskoj-uniji","tag-registracija-poduzeca-u-sloveniji"],"featured_image_src":{"landsacpe":["https:\/\/data.si\/hr\/wp-content\/uploads\/2019\/04\/praznici-u-evropskoj-uniji-800x445.jpg",800,445,true],"list":["https:\/\/data.si\/hr\/wp-content\/uploads\/2019\/04\/praznici-u-evropskoj-uniji-463x348.jpg",463,348,true],"medium":["https:\/\/data.si\/hr\/wp-content\/uploads\/2019\/04\/praznici-u-evropskoj-uniji-300x188.jpg",300,188,true],"full":["https:\/\/data.si\/hr\/wp-content\/uploads\/2019\/04\/praznici-u-evropskoj-uniji.jpg",800,500,false]},"_links":{"self":[{"href":"https:\/\/data.si\/hr\/wp-json\/wp\/v2\/posts\/8218","targetHints":{"allow":["GET"]}}],"collection":[{"href":"https:\/\/data.si\/hr\/wp-json\/wp\/v2\/posts"}],"about":[{"href":"https:\/\/data.si\/hr\/wp-json\/wp\/v2\/types\/post"}],"author":[{"embeddable":true,"href":"https:\/\/data.si\/hr\/wp-json\/wp\/v2\/users\/13"}],"replies":[{"embeddable":true,"href":"https:\/\/data.si\/hr\/wp-json\/wp\/v2\/comments?post=8218"}],"version-history":[{"count":9,"href":"https:\/\/data.si\/hr\/wp-json\/wp\/v2\/posts\/8218\/revisions"}],"predecessor-version":[{"id":8238,"href":"https:\/\/data.si\/hr\/wp-json\/wp\/v2\/posts\/8218\/revisions\/8238"}],"wp:featuredmedia":[{"embeddable":true,"href":"https:\/\/data.si\/hr\/wp-json\/wp\/v2\/media\/8237"}],"wp:attachment":[{"href":"https:\/\/data.si\/hr\/wp-json\/wp\/v2\/media?parent=8218"}],"wp:term":[{"taxonomy":"category","embeddable":true,"href":"https:\/\/data.si\/hr\/wp-json\/wp\/v2\/categories?post=8218"},{"taxonomy":"post_tag","embeddable":true,"href":"https:\/\/data.si\/hr\/wp-json\/wp\/v2\/tags?post=8218"},{"taxonomy":"yst_prominent_words","embeddable":true,"href":"https:\/\/data.si\/hr\/wp-json\/wp\/v2\/yst_prominent_words?post=8218"}],"curies":[{"name":"wp","href":"https:\/\/api.w.org\/{rel}","templated":true}]}}