{"id":8191,"date":"2019-04-09T11:33:43","date_gmt":"2019-04-09T09:33:43","guid":{"rendered":"https:\/\/data.si\/hr\/?p=8191"},"modified":"2020-07-06T12:17:46","modified_gmt":"2020-07-06T10:17:46","slug":"praznici-u-sloveniji-neradni-dani","status":"publish","type":"post","link":"https:\/\/data.si\/hr\/praznici-u-sloveniji-neradni-dani\/","title":{"rendered":"Praznici u Sloveniji &#8211; slu\u017ebeni neradni dani"},"content":{"rendered":"<p>Praznici u Sloveniji &#8211; kada <a href=\"https:\/\/data.si\/srb\/vodic-za-otvaranje-firme-u-sloveniji\/\"><strong>otvorite firmu<\/strong><\/a> i <strong><a href=\"https:\/\/data.si\/hr\/kompletna-podrska-u-otvaranju-firme\/drustvo-sa-ogranicenom-odgovornoscu\/\">poslujete u nekoj zemlji<\/a><\/strong>, dobro je da ste informisani kada ta zemlja ima svoje zvani\u010dne praznike. Uglavnom su to neradni dani u kojima vec\u0301ina preduzec\u0301a i javnih institucija ne radi.<\/p>\n<h2>Praznici u Sloveniji &#8211; neradni dani u 2020<\/h2>\n<p>Kada <a href=\"https:\/\/data.si\/srb\/sta-je-potrebno-za-otvaranje-firme\/\"><strong>poslujete u Sloveniji<\/strong><\/a>, morate znati koji datumi se smatraju slu\u017ebenim dr\u017eavnim praznicima. Tih dana ne o\u010dekujte da kompanije i institucije rade. Neki od tih zvani\u010dnih praznika su isti \u0161irom Evrope, tako da mo\u017eete o\u010dekivati i ka\u0161njenja <strong><a href=\"https:\/\/data.si\/hr\/otvaranje-firme-u-sloveniji-eu\/\">u poslovanju u Evropi<\/a><\/strong> tokom tog vremena. Ali neki od praznika su specifi\u010dni samo za Sloveniju, jer se odnose na posebne doga\u0111aje koji su se dogodili na slovena\u010dkoj teritoriji. Neki od tih praznika su vec\u0301 pro\u0161li, ali postoji nekoliko predstojec\u0301ih.<\/p>\n<h2>Praznici u Sloveniji &#8211; slu\u017ebeni praznici u 2020<\/h2>\n<p>1. i 2. januar 2020. &#8211; Nova godina.<\/p>\n<p>8. februar 2020. &#8211; Pre\u0161ernov dan. Pre\u0161eren je zna\u010dajan slovena\u010dki pesnik, koji je napisao i stihove za slovena\u010dku nacionalnu himnu.<\/p>\n<p>12. april 2020. &#8211; Uskr\u0161nja nedelja.<\/p>\n<p>13. april 2020. &#8211; Uskr\u0161nji ponedeljak.<\/p>\n<p>27. april 2020.\u00a0 &#8211; Dan ustanka protiv okupacije.<\/p>\n<p>1. i 2. maj 2020 &#8211; Praznik rada.<\/p>\n<p>25. jun 2020. &#8211; Dan dr\u017eavnosti.<\/p>\n<p>15. avgust 2020. &#8211; Dan uznesenja.<\/p>\n<p>31. oktobar 2020. &#8211; Dan reformacije.<\/p>\n<p>1. novembar 2020. &#8211; Dan svih svetih.<\/p>\n<p>25. decembar 2020. &#8211; Bo\u017eic\u0301.<\/p>\n<p>26. decembar 2020. &#8211; Dan nezavisnosti i jedinstva<\/p>\n<h2>Praznici u Sloveniji &#8211; praznici, koji su radni dani<\/h2>\n<p>U <a href=\"https:\/\/sr.wikipedia.org\/wiki\/%D0%A1%D0%BB%D0%BE%D0%B2%D0%B5%D0%BD%D0%B8%D1%98%D0%B0\" target=\"_blank\" rel=\"noopener noreferrer\">Sloveniji<\/a> postoje neki zvani\u010dni praznici koji su ipak radni dani &#8211; \u0161to zna\u010di da je radno vreme kompanija i institucija normalno i prema rasporedu.<\/p>\n<p>8. jun 2020. &#8211; Dan Primo\u017ea Trubara (slovena\u010dki pisac)<\/p>\n<p>17. avgust 2020. &#8211; ujedinjenje Slovenaca iz Prekmurja sa svojom domovinom<\/p>\n<p>15. septembar 2020.\u00a0 &#8211; Povratak Primorske u svoju domovinu<\/p>\n<p>25. oktobar 2020. &#8211; Dan suvereniteta<\/p>\n<p>23. novembar 2020. &#8211; Dan Rudolfa Maistera<\/p>\n<h2>Praznici u Sloveniji &#8211; ne dozvolite da slu\u017ebeni praznici ometaju va\u0161e poslovanje u Sloveniji i Evropi!<\/h2>\n<p>Sa gore navedenom listom mo\u017eete produktivnije planirati <strong><a href=\"https:\/\/data.si\/hr\/troskovi-otvaranje-firme-sloveniji\/\">svoje poslovanje<\/a><\/strong> tako da organizujete sastanke i poslovne aktivnosti na datume kada c\u0301e va\u0161i poslovni partneri i klijenti biti dostupni.<\/p>\n<h2>Da li vas zanima kako otvoriti d.o.o. u Sloveniji?<\/h2>\n<p>Na\u0161e knjigovo\u0111e mogu ponuditi\u00a0<strong><a href=\"https:\/\/data.si\/hr\/knjigovodstvene-usluge\/\">knjigovodstvene<\/a><\/strong>, <strong><a href=\"https:\/\/data.si\/hr\/poresko-finansijsko-savetovanje\/\">poreske i finansijske usluge<\/a><\/strong> u skladu sa slovena\u010dkim knjigovodstvenim standardima. Data ima\u00a045 stru\u010dnjaka sa razli\u010ditih podru\u010dja. Na\u0161i stru\u010dnjaci vam mogu ponuditi\u00a0<strong><a href=\"https:\/\/data.si\/hr\/usluge\/\">poslovno savetovanje<\/a><\/strong>\u00a0u vezi oporezivanja, radnog zakonodavstva, osoblja i preduzetni\u0161tva. Imamo tako\u0111e i\u00a0pravnike u DATI, koji vam mogu pripremiti ugovore iz civilnog i privrednog prava u skladu sa slovena\u010dkim zakonodavstvom.<\/p>\n<p>Ukoliko vas interesuje kako otvoriti d.o.o. u Sloveniji ili vam je potreban pravni savet, po\u0161aljite nam upit na\u00a0e-mail\u00a0<strong><a href=\"mailto:data@data.si\">data@data.si<\/a><\/strong>\u00a0ili nas nazovite na telefonski broj +386 1 6001 530 ili Viber: +386 30 640 995. Tako\u0111e vam predla\u017eemo da posetite na\u0161u stranicu ma\u00a0<a href=\"https:\/\/www.facebook.com\/Data-doo-Osnivanje-firme-706699876048920\/\" target=\"_blank\" rel=\"noopener noreferrer\">Facebook-u<\/a>.<\/p>\n<p>&nbsp;<\/p>\n","protected":false},"excerpt":{"rendered":"<p>Praznici u Sloveniji &#8211; kada otvorite firmu i poslujete u nekoj zemlji, dobro je da ste informisani kada ta zemlja ima svoje zvani\u010dne praznike. Uglavnom su to neradni dani u kojima vec\u0301ina preduzec\u0301a i javnih institucija ne radi. Praznici u Sloveniji &#8211; neradni dani u 2020 Kada poslujete u Sloveniji, morate znati koji datumi se [&hellip;]<\/p>\n","protected":false},"author":13,"featured_media":8195,"comment_status":"closed","ping_status":"closed","sticky":false,"template":"","format":"standard","meta":{"footnotes":""},"categories":[10,6,4],"tags":[945,775,1286],"yst_prominent_words":[],"class_list":["post-8191","post","type-post","status-publish","format-standard","has-post-thumbnail","hentry","category-eu","category-osnivanje-poduzeca","category-slovenija","tag-osnivanje-doo-u-sloveniji","tag-otvaranje-poduzeca-u-sloveniji","tag-registracija-tvrtke-u-sloveniji"],"featured_image_src":{"landsacpe":["https:\/\/data.si\/hr\/wp-content\/uploads\/2019\/04\/praznici-slovenija-2019-800x445.jpg",800,445,true],"list":["https:\/\/data.si\/hr\/wp-content\/uploads\/2019\/04\/praznici-slovenija-2019-463x348.jpg",463,348,true],"medium":["https:\/\/data.si\/hr\/wp-content\/uploads\/2019\/04\/praznici-slovenija-2019-300x188.jpg",300,188,true],"full":["https:\/\/data.si\/hr\/wp-content\/uploads\/2019\/04\/praznici-slovenija-2019.jpg",800,500,false]},"_links":{"self":[{"href":"https:\/\/data.si\/hr\/wp-json\/wp\/v2\/posts\/8191","targetHints":{"allow":["GET"]}}],"collection":[{"href":"https:\/\/data.si\/hr\/wp-json\/wp\/v2\/posts"}],"about":[{"href":"https:\/\/data.si\/hr\/wp-json\/wp\/v2\/types\/post"}],"author":[{"embeddable":true,"href":"https:\/\/data.si\/hr\/wp-json\/wp\/v2\/users\/13"}],"replies":[{"embeddable":true,"href":"https:\/\/data.si\/hr\/wp-json\/wp\/v2\/comments?post=8191"}],"version-history":[{"count":7,"href":"https:\/\/data.si\/hr\/wp-json\/wp\/v2\/posts\/8191\/revisions"}],"predecessor-version":[{"id":12498,"href":"https:\/\/data.si\/hr\/wp-json\/wp\/v2\/posts\/8191\/revisions\/12498"}],"wp:featuredmedia":[{"embeddable":true,"href":"https:\/\/data.si\/hr\/wp-json\/wp\/v2\/media\/8195"}],"wp:attachment":[{"href":"https:\/\/data.si\/hr\/wp-json\/wp\/v2\/media?parent=8191"}],"wp:term":[{"taxonomy":"category","embeddable":true,"href":"https:\/\/data.si\/hr\/wp-json\/wp\/v2\/categories?post=8191"},{"taxonomy":"post_tag","embeddable":true,"href":"https:\/\/data.si\/hr\/wp-json\/wp\/v2\/tags?post=8191"},{"taxonomy":"yst_prominent_words","embeddable":true,"href":"https:\/\/data.si\/hr\/wp-json\/wp\/v2\/yst_prominent_words?post=8191"}],"curies":[{"name":"wp","href":"https:\/\/api.w.org\/{rel}","templated":true}]}}