{"id":6013,"date":"2018-01-26T10:30:59","date_gmt":"2018-01-26T09:30:59","guid":{"rendered":"https:\/\/data.si\/hr\/?p=6013"},"modified":"2018-01-26T10:30:59","modified_gmt":"2018-01-26T09:30:59","slug":"zastita-licnih-podataka-21-vek","status":"publish","type":"post","link":"https:\/\/data.si\/hr\/zastita-licnih-podataka-21-vek\/","title":{"rendered":"Za\u0161tita li\u010dnih podataka za 21. vek"},"content":{"rendered":"<p>Za\u0161tita li\u010dnih podataka- nova Evropska uredba o za\u0161titi podataka, koja c\u0301e stupiti na snagu 25. maja 2018. godine, oja\u010dac\u0301e za\u0161titu li\u010dnih podataka, tako da c\u0301e skoro sve kompanije morati ponovo dobiti saglasnost stranaka za njihovu upotrebu. Da &#8211; tako\u0111e va\u017ei za ve\u0107 prikupljene li\u010dne podatke!<\/p>\n<h2>Dakle, kakva c\u0301e biti nova za\u0161tita li\u010dnih podataka?<\/h2>\n<p>Ministarstvo za pravosu\u0111e vec\u0301 je pripremilo novi Zakon o za\u0161titi li\u010dnih podataka kako bi se ta uskladio sa zahtjevima EU. Na osnovu toga c\u0301e biti jasnije definisano kako i za\u0161to se li\u010dni podaci mogu sakupljati, kako se oni mogu obraditi, i koliko vremena mogu da se \u010duvaju. <strong>Svako <a href=\"https:\/\/data.si\/hr\/kompletna-podrska-u-otvaranju-firme\/drustvo-sa-ogranicenom-odgovornoscu\/\">preduze\u0107e <\/a>koje ima bilo kakvu vrstu posla sa li\u010dnim informacijama od kupac ili uop\u0161te pojedinaca mo\u017ee kontaktirati\u00a0 <a href=\"https:\/\/data.si\/hr\/o-nama\/\">pravne stru\u010dnjake Date <\/a>za sva pitanja i naru\u010diti se na <a href=\"https:\/\/data.si\/hr\/pravno-savjetovanje\/\">pravno savetovanje.<\/a><\/strong><\/p>\n<h2>Za\u0161tita li\u010dnih podataka- Zakon \u0107e stupiti na snagu 25.maja 2018. godine! Pripremite se i obratite na\u0161im pravnim stru\u010dnjacima<\/h2>\n<p>Sankcije predvi\u0111ene propisom za one koji ne po\u0161tuju pravila su izuzetno visoke. Za\u0161tita li\u010dnih podataka trebala bi da bude bolje sa novim pravilima. Prema novom, stavljanje li\u010dnih podataka bic\u0301e dozvoljeno samo uz izri\u010ditu saglasnost za unapred odre\u0111enu svrhu. Predlo\u017eeni Zakon o za\u0161titi li\u010dnih podataka defini\u0161e saglasnost kao svaku dobrovoljnu, eksplicitnu, informiranu i nedvosmislenu izjavu o volji subjekta na kojeg se odnose podaci. Ova izjava ili jasna afirmativna akcija izra\u017eava saglasnost fizi\u010dkog lica na obradu li\u010dnih podataka koji se odnose na njega. Me\u0111utim, ve\u0107 upotrebljeni li\u010dni podaci kompanija mogu se dalje koristiti,\u00a0 ali c\u0301e kompanije morati da verifikuju da su ovi li\u010dni podaci stekli u pro\u0161losti na na\u010din propisan novim zakonom!<\/p>\n<h2>Tra\u017eite informacije o otvaranju firme u Sloveniji i poslovanju u EU? Kontaktirajte nas!<\/h2>\n<p><strong>Ako ste zainteresovani za <a href=\"https:\/\/data.si\/hr\/kompletna-podrska-u-otvaranju-firme\/\">otvaranje firme u Sloveniji<\/a>, pi\u0161ite nam na e-mail\u00a0<a href=\"mailto:data@data.si\">data@data.si<\/a>\u00a0ili nas nazovite na tel. broj 00 386 1 6001 542 ili Viber 00 386 30 640 995.<\/strong><\/p>\n<p>Vi\u0161e informacija o otvaranju firme u Sloveniji mo\u017eete pro\u010ditati u \u010dlanku:\u00a0<a title=\"Vodi\u010d za otvaranje firme u Sloveniji\" href=\"https:\/\/data.si\/hr\/kratak-vodic-za-otvaranje-firme-u-sloveniji\/\">Kratak vodi\u010d za otvaranje firme u Sloveniji<\/a>. Tako\u0111e vam predla\u017eemo da posetite na\u0161\u00a0<a title=\"Agencija DATA d.o.o. na Facebooku\" href=\"https:\/\/www.facebook.com\/Data-doo-Osnivanje-firme-706699876048920\/\" target=\"_blank\" rel=\"noopener\">Facebook<\/a>.<\/p>\n<p>&nbsp;<\/p>\n","protected":false},"excerpt":{"rendered":"<p>Za\u0161tita li\u010dnih podataka- nova Evropska uredba o za\u0161titi podataka, koja c\u0301e stupiti na snagu 25. maja 2018. godine, oja\u010dac\u0301e za\u0161titu li\u010dnih podataka, tako da c\u0301e skoro sve kompanije morati ponovo dobiti saglasnost stranaka za njihovu upotrebu. Da &#8211; tako\u0111e va\u017ei za ve\u0107 prikupljene li\u010dne podatke! Dakle, kakva c\u0301e biti nova za\u0161tita li\u010dnih podataka? Ministarstvo za [&hellip;]<\/p>\n","protected":false},"author":13,"featured_media":6014,"comment_status":"closed","ping_status":"closed","sticky":false,"template":"","format":"standard","meta":{"footnotes":""},"categories":[1,5,10,6,4,7],"tags":[69,12,876,731,1122],"yst_prominent_words":[],"class_list":["post-6013","post","type-post","status-publish","format-standard","has-post-thumbnail","hentry","category-biznis","category-dozvole","category-eu","category-osnivanje-poduzeca","category-slovenija","category-transport","tag-eu","tag-otvaranje-firme-u-sloveniji","tag-pravno-savetovanje","tag-preduzece","tag-zastita-licnih-podataka"],"featured_image_src":{"landsacpe":["https:\/\/data.si\/hr\/wp-content\/uploads\/2018\/01\/Za\u0161tita-li\u010dnih-podataka.jpg",800,394,false],"list":["https:\/\/data.si\/hr\/wp-content\/uploads\/2018\/01\/Za\u0161tita-li\u010dnih-podataka-463x348.jpg",463,348,true],"medium":["https:\/\/data.si\/hr\/wp-content\/uploads\/2018\/01\/Za\u0161tita-li\u010dnih-podataka-300x148.jpg",300,148,true],"full":["https:\/\/data.si\/hr\/wp-content\/uploads\/2018\/01\/Za\u0161tita-li\u010dnih-podataka.jpg",800,394,false]},"_links":{"self":[{"href":"https:\/\/data.si\/hr\/wp-json\/wp\/v2\/posts\/6013","targetHints":{"allow":["GET"]}}],"collection":[{"href":"https:\/\/data.si\/hr\/wp-json\/wp\/v2\/posts"}],"about":[{"href":"https:\/\/data.si\/hr\/wp-json\/wp\/v2\/types\/post"}],"author":[{"embeddable":true,"href":"https:\/\/data.si\/hr\/wp-json\/wp\/v2\/users\/13"}],"replies":[{"embeddable":true,"href":"https:\/\/data.si\/hr\/wp-json\/wp\/v2\/comments?post=6013"}],"version-history":[{"count":0,"href":"https:\/\/data.si\/hr\/wp-json\/wp\/v2\/posts\/6013\/revisions"}],"wp:featuredmedia":[{"embeddable":true,"href":"https:\/\/data.si\/hr\/wp-json\/wp\/v2\/media\/6014"}],"wp:attachment":[{"href":"https:\/\/data.si\/hr\/wp-json\/wp\/v2\/media?parent=6013"}],"wp:term":[{"taxonomy":"category","embeddable":true,"href":"https:\/\/data.si\/hr\/wp-json\/wp\/v2\/categories?post=6013"},{"taxonomy":"post_tag","embeddable":true,"href":"https:\/\/data.si\/hr\/wp-json\/wp\/v2\/tags?post=6013"},{"taxonomy":"yst_prominent_words","embeddable":true,"href":"https:\/\/data.si\/hr\/wp-json\/wp\/v2\/yst_prominent_words?post=6013"}],"curies":[{"name":"wp","href":"https:\/\/api.w.org\/{rel}","templated":true}]}}