{"id":5674,"date":"2017-11-30T13:34:56","date_gmt":"2017-11-30T12:34:56","guid":{"rendered":"https:\/\/data.si\/hr\/?p=5674"},"modified":"2019-02-01T09:19:07","modified_gmt":"2019-02-01T08:19:07","slug":"slovenacko-poslovno-okruzenje-poslovna-migracija","status":"publish","type":"post","link":"https:\/\/data.si\/hr\/slovenacko-poslovno-okruzenje-poslovna-migracija\/","title":{"rendered":"Slovena\u010dko poslovno okru\u017eenje i poslovna migracija"},"content":{"rendered":"<p>U Beogradu je 29. novembra 2017 odr\u017ean susret preduzetnika na temu <strong>\u201c Slovena\u010dko poslovno okru\u017eenje i poslovna migracija \u201d<\/strong>.\u00a0Organizovali su ga Ambasada Republike Slovenije u Srbiji, Slovena\u010dki poslovni klub i preduze\u0107e Data.<\/p>\n<h2>Slovena\u010dko poslovno okru\u017eenje predstavili stru\u010dnjaci iz Date<\/h2>\n<p>U preduze\u0107u DATA smo specializovani za savetovanje i pomo\u0107 stranim preduzetnicima u poslovanju u Sloveniji. Poslujemo ve\u0107 vi\u0161e od 25 godina, imamo dr\u017eavnu dozvolu za <a href=\"https:\/\/data.si\/hr\/kompletna-podrska-u-otvaranju-firme\/\"><strong>registraciju preduze\u0107a<\/strong><\/a>, a preduzetnicima prilikom poslovanja poma\u017eemo i sa <a href=\"https:\/\/data.si\/hr\/pravno-savjetovanje\/\"><strong>pravnim<\/strong><\/a> i <a href=\"https:\/\/data.si\/hr\/knjigovodstvene-usluge\/\"><strong>knjigovodskim uslugama<\/strong><\/a>. Zato smo izuzetno zahvalni, da smo dobili priliku za saradnju na poslovnom susretu u Beogradu, koje je bilo namenjeno preduzetnicima, koje zanima poslovanje u Sloveniji.<\/p>\n<p>Preduzetnicima u Srbiji su na\u0161i stru\u010dnjaci za preduzetni\u0161tvo savetovali o registraciji preduze\u0107a i o na\u010dinima dobijanja dozvola za rad i boravak u Sloveniji kako za dr\u017eavljane Srbije, tako i dr\u017eavljane drugih dr\u017eava izvan EU. Srpskim preduzetnicima su u kratkim crtama tako\u0111e predstavili i oporezivanje poslovanja u Sloveniji.<\/p>\n<p>Poslovni susret bio je uspe\u0161no izveden i odli\u010dno pose\u0107en, \u0161to svakako potvr\u0111uje, da je zanimanje za poslovnu saradnju izme\u0111u Srbije i Slovenije veliko. Tome su svakako pomogle i <a href=\"https:\/\/data.si\/blog\/2017\/09\/21\/gospodarska-rast-2017\/\" target=\"_blank\" rel=\"noopener\"><strong>obe\u0107avaju\u0107e privredne prognoze<\/strong><\/a> za ovu i slede\u0107u godinu.<\/p>\n<p>Ako imate i vi poslovnu ideju koju jo\u0161 niste realizovali, sada je svakako pravo vreme da to u\u010dinite! U preduze\u0107u DATA \u0107emo vam savetovati i pomo\u0107i.<\/p>\n","protected":false},"excerpt":{"rendered":"<p>U Beogradu je 29. novembra 2017 odr\u017ean susret preduzetnika na temu \u201c Slovena\u010dko poslovno okru\u017eenje i poslovna migracija \u201d.\u00a0Organizovali su ga Ambasada Republike Slovenije u Srbiji, Slovena\u010dki poslovni klub i preduze\u0107e Data. Slovena\u010dko poslovno okru\u017eenje predstavili stru\u010dnjaci iz Date U preduze\u0107u DATA smo specializovani za savetovanje i pomo\u0107 stranim preduzetnicima u poslovanju u Sloveniji. Poslujemo [&hellip;]<\/p>\n","protected":false},"author":13,"featured_media":5681,"comment_status":"closed","ping_status":"closed","sticky":false,"template":"","format":"standard","meta":{"footnotes":""},"categories":[1,10,6,4],"tags":[109,1034,106,213,1295],"yst_prominent_words":[],"class_list":["post-5674","post","type-post","status-publish","format-standard","has-post-thumbnail","hentry","category-biznis","category-eu","category-osnivanje-poduzeca","category-slovenija","tag-biznis-u-eu","tag-biznis-u-evropi","tag-biznis-u-sloveniji","tag-poslovna-migracija","tag-slovenacko-poslovno-okruzenje"],"featured_image_src":{"landsacpe":["https:\/\/data.si\/hr\/wp-content\/uploads\/2017\/11\/Slovenacko-poslovno-okruzenje-i-poslovna-migracija.jpg",600,399,false],"list":["https:\/\/data.si\/hr\/wp-content\/uploads\/2017\/11\/Slovenacko-poslovno-okruzenje-i-poslovna-migracija-463x348.jpg",463,348,true],"medium":["https:\/\/data.si\/hr\/wp-content\/uploads\/2017\/11\/Slovenacko-poslovno-okruzenje-i-poslovna-migracija-300x200.jpg",300,200,true],"full":["https:\/\/data.si\/hr\/wp-content\/uploads\/2017\/11\/Slovenacko-poslovno-okruzenje-i-poslovna-migracija.jpg",600,399,false]},"_links":{"self":[{"href":"https:\/\/data.si\/hr\/wp-json\/wp\/v2\/posts\/5674","targetHints":{"allow":["GET"]}}],"collection":[{"href":"https:\/\/data.si\/hr\/wp-json\/wp\/v2\/posts"}],"about":[{"href":"https:\/\/data.si\/hr\/wp-json\/wp\/v2\/types\/post"}],"author":[{"embeddable":true,"href":"https:\/\/data.si\/hr\/wp-json\/wp\/v2\/users\/13"}],"replies":[{"embeddable":true,"href":"https:\/\/data.si\/hr\/wp-json\/wp\/v2\/comments?post=5674"}],"version-history":[{"count":2,"href":"https:\/\/data.si\/hr\/wp-json\/wp\/v2\/posts\/5674\/revisions"}],"predecessor-version":[{"id":7841,"href":"https:\/\/data.si\/hr\/wp-json\/wp\/v2\/posts\/5674\/revisions\/7841"}],"wp:featuredmedia":[{"embeddable":true,"href":"https:\/\/data.si\/hr\/wp-json\/wp\/v2\/media\/5681"}],"wp:attachment":[{"href":"https:\/\/data.si\/hr\/wp-json\/wp\/v2\/media?parent=5674"}],"wp:term":[{"taxonomy":"category","embeddable":true,"href":"https:\/\/data.si\/hr\/wp-json\/wp\/v2\/categories?post=5674"},{"taxonomy":"post_tag","embeddable":true,"href":"https:\/\/data.si\/hr\/wp-json\/wp\/v2\/tags?post=5674"},{"taxonomy":"yst_prominent_words","embeddable":true,"href":"https:\/\/data.si\/hr\/wp-json\/wp\/v2\/yst_prominent_words?post=5674"}],"curies":[{"name":"wp","href":"https:\/\/api.w.org\/{rel}","templated":true}]}}