{"id":21364,"date":"2024-12-15T07:04:08","date_gmt":"2024-12-15T06:04:08","guid":{"rendered":"https:\/\/data.si\/hr\/?p=21364"},"modified":"2024-12-12T11:57:33","modified_gmt":"2024-12-12T10:57:33","slug":"praznici-u-sloveniji-2025-bitne-informacije-za-preduzetnike","status":"publish","type":"post","link":"https:\/\/data.si\/hr\/praznici-u-sloveniji-2025-bitne-informacije-za-preduzetnike\/","title":{"rendered":"Praznici u Sloveniji 2025 \u2013 bitne informacije za preduzetnike!"},"content":{"rendered":"<p>Praznici u Sloveniji 2025 godine done\u010de nam 10 slobodnih dana, koji \u010de biti raspore\u0111eni tokom nedelje. To zna\u010di, da ne\u010du pasti na vikend. Kako \u0107e biti raspore\u0111eni praznici u Sloveniji 2025 godine? To so isto bitne informacije ukoliko planirate otvaranje firme u Sloveniji. Isto vam je jako bitno da to znate ukoliko ve\u010d imate firmu u Sloveniji. Da li vas interesuje po\u010detak <a href=\"https:\/\/data.si\/srb\/biznis-u-sloveniji\/\" target=\"_blank\" rel=\"noopener\"><strong>biznisa u Sloveniji<\/strong><\/a>? Onda nas nazovite na <a href=\"tel:+386 40 530 718\" target=\"_blank\" rel=\"noopener\"><strong>+386 40 530 718 (Viber\/WhatsApp)<\/strong><\/a> ili nam \u0161aljite mail na <a href=\"mailto:data@data.si\"><strong>data@data.si<\/strong><\/a>.<\/p>\n<p style=\"text-align: center;\"><a class=\"button\" href=\"https:\/\/data.si\/hr\/kratak-vodic-za-otvaranje-firme-u-sloveniji\/\" target=\"_blank\" rel=\"noopener\"><strong>Kratak vodi\u010d za otvaranje firme u Sloveniji<\/strong><\/a><\/p>\n<h3>Praznici 2025 u Sloveniji, koji su ujedno i slobodni dani<\/h3>\n<p id=\"tw-target-rmn\" class=\"tw-data-text tw-text-small tw-ta\" dir=\"ltr\"><span class=\"Y2IQFc\">Svi praznici 2025. nisu tako\u0111e neradni dani. Na listi ispod navodimo praznike koji c\u0301e biti dr\u017eavni praznici 2025. godine i tako c\u0301ete biti oslobo\u0111eni radnih obaveza:<\/span><\/p>\n<ul>\n<li>1. januar: Nova godina (sreda)<\/li>\n<li>2. januar: Nova godina (\u010detvrtak)<\/li>\n<li>21. april: Vaskr\u0161nji ponedeljak<\/li>\n<li>1. maj: Praznik rada (\u010detvrtak)<\/li>\n<li>2. maj: Praznik rada (petak)<\/li>\n<li>25. jun: Dan dr\u017eavnosti (sreda)<\/li>\n<li>15. avgust: Velika Gospojina (petak)<\/li>\n<li>31. oktobar: Dan reformacije (petak)<\/li>\n<li>25. decembar: Bo\u017eic\u0301 (\u010detvrtak)<\/li>\n<li>26. decembar: Dan nezavisnosti i jedinstva (petak)<\/li>\n<\/ul>\n<p style=\"text-align: center;\"><a class=\"button\" href=\"https:\/\/data.si\/srb\/imigracija-u-sloveniju\/\" target=\"_blank\" rel=\"noopener\"><strong>Da li vas interesuje imigracija u Sloveniju?<\/strong><\/a><\/p>\n<h3>Koji praznici padaju na vikend?<\/h3>\n<p>Sledec\u0301i praznici c\u0301e pasti u subotu ili nedelju 2025. godine:<\/p>\n<ul>\n<li>8. februar: Pre\u0161ernov dan, slovenski kulturni praznik (subota)<\/li>\n<li>27. april: Dan pobune protiv okupatora (nedelja)<\/li>\n<li>1- novembar: Svi sveti\u00a0 (subota)<\/li>\n<\/ul>\n<p style=\"text-align: center;\"><span class=\"Y2IQFc\"><a class=\"button\" href=\"https:\/\/data.si\/srb\/kontakt\/\" target=\"_blank\" rel=\"noopener\"><strong>Pozovite nas na +386 40 530 718 (Viber\/WhatsApp)!<\/strong><\/a><\/span><\/p>\n<h3><strong>DATA d.o.o. \u2013 sve na jednom mestu za poslovanje va\u0161e firme<\/strong><\/h3>\n<p>Praznici u Sloveniji 2025 isto zna\u010de, da tada ne radi DATA ili sve druge dane u godini smo vam dostupni. Ako \u017eelite po\u010deti biznis u Sloveniji, obratite se na nas! DATA ima vi\u0161e od 34 godina iskustva u pru\u017eanju pomo\u0107i i podr\u0161ke stranim poduzetnicima. Prednosti DATE su \u0161to na jednom mjestu mo\u017eete dobiti sve potrebne informacije u vezi poslovanja firme u Sloveniji i EU. Nudimo vam kompletnu podr\u0161ku koja uklju\u010duje\u00a0<strong><a href=\"https:\/\/data.si\/srb\/knjigovodstvene-usluge\/\" target=\"_blank\" rel=\"noopener\">ra\u010dunovodske, porezne i financijske usluge<\/a><\/strong>\u00a0u skladu sa slovenskim zakonodavstvom. Kontaktirajte na\u0161e stru\u010dnjake na\u00a0<a href=\"mailto:data@data.si\" target=\"_blank\" rel=\"noopener\"><strong>data@data.si<\/strong><\/a>\u00a0ili nas nazovite na\u00a0<strong><a href=\"tel:+386 40 530 718\" target=\"_blank\" rel=\"noopener\">+386 40 530 718 (Viber\/WhatsApp)<\/a><\/strong>.\u00a0Za vi\u0161e a\u017eurnih novosti pratite i na na\u0161em\u00a0<a href=\"https:\/\/www.linkedin.com\/showcase\/osnivanje-firme-u-sloveniji-eu\" target=\"_blank\" rel=\"noopener\">Linkedinu<\/a><strong>.<\/strong><\/p>\n","protected":false},"excerpt":{"rendered":"<p>Praznici u Sloveniji 2025 godine done\u010de nam 10 slobodnih dana, koji \u010de biti raspore\u0111eni tokom nedelje. To zna\u010di, da ne\u010du pasti na vikend. Kako \u0107e biti raspore\u0111eni praznici u Sloveniji 2025 godine? To so isto bitne informacije ukoliko planirate otvaranje firme u Sloveniji. Isto vam je jako bitno da to znate ukoliko ve\u010d imate firmu [&hellip;]<\/p>\n","protected":false},"author":24,"featured_media":21365,"comment_status":"closed","ping_status":"closed","sticky":false,"template":"","format":"standard","meta":{"footnotes":""},"categories":[1,10,4],"tags":[1646],"yst_prominent_words":[],"class_list":["post-21364","post","type-post","status-publish","format-standard","has-post-thumbnail","hentry","category-biznis","category-eu","category-slovenija","tag-praznici-u-sloveniji-2025"],"featured_image_src":{"landsacpe":["https:\/\/data.si\/hr\/wp-content\/uploads\/2024\/12\/bigstock-Happy-New-Year-With-Roses-364157419-web-fb-1140x445.jpg",1140,445,true],"list":["https:\/\/data.si\/hr\/wp-content\/uploads\/2024\/12\/bigstock-Happy-New-Year-With-Roses-364157419-web-fb-463x348.jpg",463,348,true],"medium":["https:\/\/data.si\/hr\/wp-content\/uploads\/2024\/12\/bigstock-Happy-New-Year-With-Roses-364157419-web-fb-300x157.jpg",300,157,true],"full":["https:\/\/data.si\/hr\/wp-content\/uploads\/2024\/12\/bigstock-Happy-New-Year-With-Roses-364157419-web-fb.jpg",1200,628,false]},"_links":{"self":[{"href":"https:\/\/data.si\/hr\/wp-json\/wp\/v2\/posts\/21364","targetHints":{"allow":["GET"]}}],"collection":[{"href":"https:\/\/data.si\/hr\/wp-json\/wp\/v2\/posts"}],"about":[{"href":"https:\/\/data.si\/hr\/wp-json\/wp\/v2\/types\/post"}],"author":[{"embeddable":true,"href":"https:\/\/data.si\/hr\/wp-json\/wp\/v2\/users\/24"}],"replies":[{"embeddable":true,"href":"https:\/\/data.si\/hr\/wp-json\/wp\/v2\/comments?post=21364"}],"version-history":[{"count":1,"href":"https:\/\/data.si\/hr\/wp-json\/wp\/v2\/posts\/21364\/revisions"}],"predecessor-version":[{"id":21366,"href":"https:\/\/data.si\/hr\/wp-json\/wp\/v2\/posts\/21364\/revisions\/21366"}],"wp:featuredmedia":[{"embeddable":true,"href":"https:\/\/data.si\/hr\/wp-json\/wp\/v2\/media\/21365"}],"wp:attachment":[{"href":"https:\/\/data.si\/hr\/wp-json\/wp\/v2\/media?parent=21364"}],"wp:term":[{"taxonomy":"category","embeddable":true,"href":"https:\/\/data.si\/hr\/wp-json\/wp\/v2\/categories?post=21364"},{"taxonomy":"post_tag","embeddable":true,"href":"https:\/\/data.si\/hr\/wp-json\/wp\/v2\/tags?post=21364"},{"taxonomy":"yst_prominent_words","embeddable":true,"href":"https:\/\/data.si\/hr\/wp-json\/wp\/v2\/yst_prominent_words?post=21364"}],"curies":[{"name":"wp","href":"https:\/\/api.w.org\/{rel}","templated":true}]}}