{"id":19928,"date":"2023-07-25T15:37:01","date_gmt":"2023-07-25T13:37:01","guid":{"rendered":"https:\/\/data.si\/hr\/?p=19928"},"modified":"2023-07-25T15:37:01","modified_gmt":"2023-07-25T13:37:01","slug":"sirenje-poslovanja-u-eu-pocetak-u-sloveniji","status":"publish","type":"post","link":"https:\/\/data.si\/hr\/sirenje-poslovanja-u-eu-pocetak-u-sloveniji\/","title":{"rendered":"\u0160irenje poslovanja u EU: po\u010detak u Sloveniji"},"content":{"rendered":"<p>\u0160irenje poslovanja u EU velik je korak za va\u0161e poslovanje. Saznajte koje mogu\u0107nosti vas o\u010dekuju. Zapo\u010dnite svoje <a href=\"https:\/\/data.si\/srb\/\" target=\"_blank\" rel=\"noopener\"><strong>poslovanje u Sloveniji<\/strong> <\/a>i preselite se u srce Europe. Ovdje u Data nudimo poslovne konzultacije za strance. Imate li ve\u0107 firmu i \u017eelite se pro\u0161iriti? Do\u0161li ste na pravo mjesto. Tako\u0111e vam nudimo <a href=\"https:\/\/data.si\/hr\/pravno-savjetovanje\/\" target=\"_blank\" rel=\"noopener\"><strong>pravnu podr\u0161ku<\/strong><\/a>. Sve u svemu imate podr\u0161ku u pro\u0161irenju va\u0161eg <a href=\"https:\/\/data.si\/srb\/biznis-u-evropi\/\" target=\"_blank\" rel=\"noopener\"><strong>biznisa u EU<\/strong><\/a>. Sve \u0161to trebate u\u010diniti je nazvati na\u0161 Viber \/ WhatsApp <a href=\"tel:+386 40 530 718\" target=\"_blank\" rel=\"noopener\"><strong>(+386 40 530 718)<\/strong> <\/a>kako biste rezervirali sastanak. To mo\u017eete u\u010diniti i putem e-maila, po\u0161aljite poruku na <a href=\"http:\/\/data@data.si\" target=\"_blank\" rel=\"noopener\"><strong>data@data.si<\/strong>.<\/a> Imate pitanje? Po\u0161aljite nam poruku preko <a href=\"https:\/\/data.si\/hr\/kontakt\/\" target=\"_blank\" rel=\"noopener\"><strong>ovog obrazca<\/strong><\/a>.<\/p>\n<p style=\"text-align: center;\"><a class=\"button\" style=\"text-align: center;\" href=\"https:\/\/data.si\/hr\/kratak-vodic-za-otvaranje-firme-u-sloveniji\/\" target=\"_blank\" rel=\"noopener\"><strong>Kratak vodi\u010d za otvaranje firme u Sloveniji<\/strong><\/a><\/p>\n<h2>Mogu\u0107nosti za \u0161irenje poslovanja u EU<\/h2>\n<p>Kada govorimo o \u0161irenju poslovanja, \u010desto razmi\u0161ljamo o tome koje mogu\u0107nosti postoje za \u0161irenje <a href=\"https:\/\/data.si\/srb\/biznis-u-evropi\/\" target=\"_blank\" rel=\"noopener\"><strong>poslovanja u EU<\/strong><\/a>. Poslovanje u EU-u jednostavno je iz nekoliko razloga. Na primjer, lokacija. U EU-u je sve prili\u010dno blizu. Ako odlu\u010dite pokrenuti posao u Sloveniji, povezivat \u0107ete EU i Balkan. Ovo je sjajna strate\u0161ka lokacija. Odavde \u0107e biti lako do\u0107i do drugih europskih tr\u017ei\u0161ta.<\/p>\n<p style=\"text-align: center;\"><a class=\"button\" style=\"text-align: center;\" href=\"https:\/\/data.si\/srb\/biznis-u-sloveniji\/\" target=\"_blank\" rel=\"noopener\"><strong>Biznis u Sloveniji<\/strong><\/a><\/p>\n<p>Postoji vi\u0161e od 450 milijuna potencijalnih kupaca. \u0160irenje poslovanja u EU zna\u0107i to, da jih mo\u017eete dosegnuti. Preseljenje <a href=\"https:\/\/data.si\/srb\/biznis-u-sloveniji\/\" target=\"_blank\" rel=\"noopener\"><strong>poslovanja u Sloveniju<\/strong><\/a> stavit \u0107e vas usred europskog tr\u017ei\u0161ta. Imat \u0107ete pristup glavnim europskim tr\u017ei\u0161tima kao \u0161to su Italija, Austrija, Ma\u0111arska i Hrvatska. Me\u0111utim, bit \u0107e dostupna jo\u0161 daljnja tr\u017ei\u0161ta. To je zbog Schengenskog prostora. Mo\u0107i \u0107ete prodavati svoje proizvode i usluge diljem EU-a.<\/p>\n<p style=\"text-align: center;\"><a class=\"button\" style=\"text-align: center;\" href=\"https:\/\/data.si\/hr\/kontakt\/\" target=\"_blank\" rel=\"noopener\"><strong>Pozovite nas na +386 40 530 718 (Viber\/WhatsApp)!<\/strong><\/a><\/p>\n<h2>Zapo\u0161ljavanje kvalificiranih radnika<\/h2>\n<p>Radna snaga u EU i Sloveniji izuzetno je kvalificirana. Ve\u0107ina ljudi u zemljama \u010dlanicama EU govori barem jedan strani jezik. Nadalje, raznolikost radnika zadovoljit \u0107e sve potrebe va\u0161ih klijenata. Kada po\u0107nete \u0161irenje poslovanja u EU vama \u0107e definitivno pomo\u0107i imati zaposlene kvalificirane radnike.<\/p>\n<p style=\"text-align: center;\"><a class=\"button\" style=\"text-align: center;\" href=\"https:\/\/data.si\/srb\/biznis-u-evropi\/\" target=\"_blank\" rel=\"noopener\"><strong>Biznis u EU<\/strong><\/a><\/p>\n<h2>\u0160irenje poslovanja u Sloveniju kod DATE<\/h2>\n<p>\u0160irenje <a href=\"https:\/\/data.si\/srb\/biznis-u-sloveniji\/\" target=\"_blank\" rel=\"noopener\"><strong>poslovanja u Sloveniju<\/strong><\/a> je mogu\u0107e kod DATE. Imamo sve na jednom mjestu. Postoji nekoliko na\u010dina <a href=\"https:\/\/data.si\/srb\/\" target=\"_blank\" rel=\"noopener\"><strong>otvaranja firme u Sloveniji<\/strong><\/a>. U osnovi, to ovisi o va\u0161oj situaciji. Da li ve\u0107 posjedujete <a href=\"https:\/\/data.si\/hr\/kompletna-podrska-u-otvaranju-firme\/drustvo-sa-ogranicenom-odgovornoscu\/\" target=\"_blank\" rel=\"noopener\"><strong>doo firmu<\/strong><\/a>? U tom slu\u010daju mo\u017eete razmi\u0161ljati o otvaranju <a href=\"https:\/\/data.si\/hr\/otvaranje-filijale-u-sloveniji\/\" target=\"_blank\" rel=\"noopener\"><strong>filijale<\/strong><\/a> ili \u0107erka firme. \u017delite li pokrenuti posao u Sloveniji, a zatim nastaviti s \u0161irenjem <a href=\"https:\/\/data.si\/srb\/biznis-u-evropi\/\" target=\"_blank\" rel=\"noopener\"><strong>poslovanja u EU<\/strong><\/a>? To je dobra mogu\u0107nost! Pozovite nas na <a href=\"tel:+386 40 530 718\" target=\"_blank\" rel=\"noopener\"><strong>+386 40 530 718<\/strong>\u00a0<\/a>(Viber\/WhatsApp) ili po\u0161aljite poruku na e-mail <a href=\"http:\/\/data@data.si\" target=\"_blank\" rel=\"noopener\"><strong>data@data.si<\/strong><\/a> za termin sastanka. \u017delite saznati vi\u0161e? Pratite nas na <a href=\"https:\/\/www.facebook.com\/people\/Data-doo-Osnivanje-firme\/100064466838988\/\" target=\"_blank\" rel=\"noopener\">Facebook-u<\/a> i <a href=\"https:\/\/si.linkedin.com\/showcase\/osnivanje-firme-u-sloveniji-eu\" target=\"_blank\" rel=\"noopener\">LinkedIn-u<\/a> za vi\u0161e vijesti.<\/p>\n<p>\u0160irenje poslovanja u EU? Po\u010dnite <a href=\"https:\/\/data.si\/srb\/biznis-u-evropi\/\" target=\"_blank\" rel=\"noopener\"><strong>biznis u Evropi<\/strong><\/a> i osvojite tr\u017ei\u0161te. Trebate li pomo\u0107 pri odlu\u010divanju koju vrstu firme trebate otvoriti? \u017delite novu doo firmu otvoriti? Da li vam trebaju individualne konzultacije u vezi <a href=\"https:\/\/data.si\/srb\/\" target=\"_blank\" rel=\"noopener\"><strong>otvaranje firme u Sloveniji<\/strong><\/a>? Po\u0161aljite nam poruku preko <strong><a href=\"https:\/\/data.si\/hr\/kontakt\/\" target=\"_blank\" rel=\"noopener\">ovog obrazca<\/a><\/strong>. <a href=\"https:\/\/data.si\/hr\/o-nama\/\" target=\"_blank\" rel=\"noopener\"><strong>DATA stru\u010dnjaci<\/strong><\/a> su vam na razpolaganju i za druge usluge. Po\u0161aljite poruku na e-mail <a href=\"http:\/\/data@data.si\" target=\"_blank\" rel=\"noopener\"><strong>data@data.si<\/strong><\/a>\u00a0i se dogovorite za termin savetovanja sa strane <a href=\"https:\/\/data.si\/hr\/pravno-savjetovanje\/\" target=\"_blank\" rel=\"noopener\"><strong>pravnih<\/strong><\/a>, poreskih i <a href=\"https:\/\/data.si\/hr\/knjigovodstvene-usluge\/\" target=\"_blank\" rel=\"noopener\"><strong>knjigovodstvenih<\/strong> <\/a>stru\u010dnjaka.<\/p>\n<p style=\"text-align: center;\"><a class=\"button\" style=\"text-align: center;\" href=\"https:\/\/data.si\/srb\/\" target=\"_blank\" rel=\"noopener\"><strong>Otvaranje firme u Sloveniji<\/strong><\/a><\/p>\n","protected":false},"excerpt":{"rendered":"<p>\u0160irenje poslovanja u EU velik je korak za va\u0161e poslovanje. Saznajte koje mogu\u0107nosti vas o\u010dekuju. Zapo\u010dnite svoje poslovanje u Sloveniji i preselite se u srce Europe. Ovdje u Data nudimo poslovne konzultacije za strance. Imate li ve\u0107 firmu i \u017eelite se pro\u0161iriti? Do\u0161li ste na pravo mjesto. Tako\u0111e vam nudimo pravnu podr\u0161ku. Sve u svemu [&hellip;]<\/p>\n","protected":false},"author":16,"featured_media":19957,"comment_status":"closed","ping_status":"closed","sticky":false,"template":"","format":"standard","meta":{"footnotes":""},"categories":[1,10,6,4],"tags":[1635,1638,1637,1636],"yst_prominent_words":[],"class_list":["post-19928","post","type-post","status-publish","format-standard","has-post-thumbnail","hentry","category-biznis","category-eu","category-osnivanje-poduzeca","category-slovenija","tag-otvorite-firmu","tag-pocnite-svoj-biznis","tag-sirenje-biznisa-u-eu","tag-sirenje-biznisa-u-sloveniju"],"featured_image_src":{"landsacpe":["https:\/\/data.si\/hr\/wp-content\/uploads\/2023\/07\/bigstock-National-Flag-Of-Slovenia-On-A-291798301web-fb-1140x445.jpg",1140,445,true],"list":["https:\/\/data.si\/hr\/wp-content\/uploads\/2023\/07\/bigstock-National-Flag-Of-Slovenia-On-A-291798301web-fb-463x348.jpg",463,348,true],"medium":["https:\/\/data.si\/hr\/wp-content\/uploads\/2023\/07\/bigstock-National-Flag-Of-Slovenia-On-A-291798301web-fb-300x157.jpg",300,157,true],"full":["https:\/\/data.si\/hr\/wp-content\/uploads\/2023\/07\/bigstock-National-Flag-Of-Slovenia-On-A-291798301web-fb.jpg",1200,628,false]},"_links":{"self":[{"href":"https:\/\/data.si\/hr\/wp-json\/wp\/v2\/posts\/19928","targetHints":{"allow":["GET"]}}],"collection":[{"href":"https:\/\/data.si\/hr\/wp-json\/wp\/v2\/posts"}],"about":[{"href":"https:\/\/data.si\/hr\/wp-json\/wp\/v2\/types\/post"}],"author":[{"embeddable":true,"href":"https:\/\/data.si\/hr\/wp-json\/wp\/v2\/users\/16"}],"replies":[{"embeddable":true,"href":"https:\/\/data.si\/hr\/wp-json\/wp\/v2\/comments?post=19928"}],"version-history":[{"count":28,"href":"https:\/\/data.si\/hr\/wp-json\/wp\/v2\/posts\/19928\/revisions"}],"predecessor-version":[{"id":19959,"href":"https:\/\/data.si\/hr\/wp-json\/wp\/v2\/posts\/19928\/revisions\/19959"}],"wp:featuredmedia":[{"embeddable":true,"href":"https:\/\/data.si\/hr\/wp-json\/wp\/v2\/media\/19957"}],"wp:attachment":[{"href":"https:\/\/data.si\/hr\/wp-json\/wp\/v2\/media?parent=19928"}],"wp:term":[{"taxonomy":"category","embeddable":true,"href":"https:\/\/data.si\/hr\/wp-json\/wp\/v2\/categories?post=19928"},{"taxonomy":"post_tag","embeddable":true,"href":"https:\/\/data.si\/hr\/wp-json\/wp\/v2\/tags?post=19928"},{"taxonomy":"yst_prominent_words","embeddable":true,"href":"https:\/\/data.si\/hr\/wp-json\/wp\/v2\/yst_prominent_words?post=19928"}],"curies":[{"name":"wp","href":"https:\/\/api.w.org\/{rel}","templated":true}]}}