{"id":18347,"date":"2022-11-14T12:29:50","date_gmt":"2022-11-14T11:29:50","guid":{"rendered":"https:\/\/data.si\/hr\/?p=18347"},"modified":"2022-11-18T15:49:05","modified_gmt":"2022-11-18T14:49:05","slug":"praznici-u-sloveniji-2023-cak-cetiri-produzena-vikenda","status":"publish","type":"post","link":"https:\/\/data.si\/hr\/praznici-u-sloveniji-2023-cak-cetiri-produzena-vikenda\/","title":{"rendered":"Praznici u Sloveniji 2023 \u2013 \u010dak \u010detiri produ\u017eena vikenda!"},"content":{"rendered":"<h3>Praznici u Sloveniji za 2023 godinu &#8211; koliko \u0107emo dana biti kod ku\u0107e?<\/h3>\n<p>Praznici u Sloveniji 2023 godine bit \u0107e jo\u0161 &#8220;op\u0161irniji&#8221; od ovogodi\u0161njih. Ako ih je ove godine na vikend palo pet (ili vi\u0161e), sljede\u0107e \u0107e ih godine biti samo dva. Tako\u0111er, idu\u0107e godine praznik \u0107e se \u201cpobrinuti\u201d za \u010dak \u010detiri produ\u017eena vikenda. Kako \u0107e biti raspore\u0111eni praznici 2023 godine? Nemate jo\u0161 <strong><a href=\"https:\/\/data.si\/hr\/prosirite-biznis-i-poslovanje-na-sloveniju-otvorite-firmu\/\" target=\"_blank\" rel=\"noopener\">firmu u Sloveniji<\/a><\/strong>, ali razmi\u0161ljate da bi je otvorili? Nikakav problem! Nazovite nas ili pi\u0161ite na\u00a0\u00a0<strong><a href=\"https:\/\/data.si\/hr\/kontakt\/\">+386 40 530 718<\/a><a href=\"https:\/\/data.si\/srb\/kontakt\/\">\u00a0 (Viber\/WhatsApp)<\/a><\/strong>.<\/p>\n<h3>Praznici u Sloveniji za 2023 godinu &#8211; svi dr\u017eavni praznici nisu slobodni dani<\/h3>\n<p>Svi dr\u017eavni praznici u Sloveniji nisu slobodni dani. To su Dan Primo\u017ea Trubara (8. lipnja), Dan ponovnog ujedinjenja prekmurskih Slovenaca s mati\u010dnim narodom (17. kolovoza), povratak slovenskog sporta (23. rujna), Dan suverenosti (25. listopada) i Dan Rudolfa Maistra (23. studenog). Kako su raspore\u0111eni praznici 2023, koji su slobodni dani? Praznici 2023 bit \u0107e jo\u0161 povoljnije raspore\u0111eni od godi\u0161njih odmora 2022. Ako je ove godine pet praznika (koji su radni dani) palo na vikend, dogodine \u0107e ih biti samo dva. Mislite da bi <a href=\"https:\/\/data.si\/hr\/zasto-odabrati-sloveniju-kao-poslovnu-destinaciju\/\" target=\"_blank\" rel=\"noopener\"><strong>otvaranje firme u Sloveniji za vas bila odli\u010dna poslovna prilika<\/strong><\/a>? Pi\u0161ite nam na <a href=\"mailto:data@data.si\"><strong>data@data.si<\/strong><\/a>.<\/p>\n<p style=\"text-align: center;\"><strong><a class=\"button\" href=\"https:\/\/data.si\/hr\/kratak-vodic-za-otvaranje-firme-u-sloveniji\/\">Kratak vodi\u010d za otvaranje firme u Sloveniji<\/a><\/strong><\/p>\n<h3>\u010cak jedanaest blagdana pada na radne dane<\/h3>\n<p>Ove godine (2022) praznici su bili na osam radnih dana. Idu\u0107e godine \u0107e godine praznici pasti na \u010dak \u010dak 11 radnih dana. Praznici 2023 poslo\u017eeni su tako da \u0107emo \u010detiri puta imati produ\u017eeni vikend. Prvi takav slu\u010daj bit \u0107e po\u010detkom godine, jer 2. sije\u010dnja pada u ponedjeljak. Dvaput \u0107e se pak vikend produ\u017eiti za \u010dak dva dana &#8211; i ponedjeljak i utorak bit \u0107e slobodni. Pogledajmo na koje \u0107e dane pasti praznici 2023 godine (koji su ujedno i dr\u017eavni praznici):<\/p>\n<p>Sije\u010danj: Nova godina (ponedjeljak);<br \/>\nVelja\u010da: Dan Franceta Pre\u0161erna (srijeda);<br \/>\nTravanj: Uskrsni ponedjeljak (ponedjeljak);<br \/>\nTravanj: Dan pobune protiv okupatora (srijeda)<br \/>\nSvibanj: Praznik rada (ponedjeljak);<br \/>\nSvibanj: Praznik rada (utorak);<br \/>\nKolovoz: Velika Gospa (utorak);<br \/>\nListopad: Dan reformacije (utorak);<br \/>\nStudeni: Svi sveti (srijeda);<br \/>\nProsinac: Bo\u017ei\u0107 (ponedjeljak);<br \/>\nProsinac: Dan neovisnosti i jedinstva (utorak).<\/p>\n<h3>Dva blagdana padaju u nedjelju u 2023 godini<\/h3>\n<p>Iako su praznici 2023 ve\u0107inom raspore\u0111eni tijekom radnih dana, ipak \u0107e ostati dva koji \u0107e biti &#8220;crne ovce&#8221;. Naime, 1. sije\u010dnja i Dan dr\u017eavnosti 25. lipnja padaju u nedjelju.<\/p>\n<p style=\"text-align: center;\"><span class=\"Y2IQFc\"><a class=\"button\" href=\"https:\/\/data.si\/srb\/kontakt\/\"><strong>ZA VI\u0160E INFORMACIJA O OTVARANJU KOMPANIJE\u00a0 KONTAKTIRAJTE NAS NA +386 40 530 718 (Viber\/WhatsApp)<\/strong><\/a><\/span><\/p>\n<h3>Kakva imate prava na naknadu za rad kada su praznici<\/h3>\n<p>Za dio zaposlenika praznici 2023 bit \u0107e i radni praznici. Mo\u017eda ih mo\u017ee malo utje\u0161iti \u010dinjenica da Zakon o radnim odnosima (ZDR-1) propisuje da radnik ima pravo na dodatak za rad u posebnim uvjetima rada koji proizlaze iz raspodjele radnog vremena. To uklju\u010duje i naknadu za rad kada su praznici i slobodnim danima prema zakonu. Visina dodatka ina\u010de se utvr\u0111uje kolektivnim ugovorom na razini djelatnosti. Me\u0111utim, isklju\u010duje se naknada za rad u dane dr\u017eavnih praznika i naknada za rad nedjeljom. To zna\u010di da ako praznik pada u nedjelju, zaposlenik ima pravo na samo jednu naknadu.<\/p>\n<h3><strong>DATA d.o.o. \u2013 sve na jednom mestu za poslovanje va\u0161e firme<\/strong><\/h3>\n<p>Ako vas zanima vi\u0161e informacija ispla\u0107ivanja pla\u0107a ili drugih informacija vezanih za poslovanje u Sloveniji, obrnite se na nas! DATA ima preko 30 godina iskustva u pru\u017eanju pomo\u0107i i podr\u0161ke stranim poduzetnicima. Prednosti DATE su \u0161to na jednom mjestu mo\u017eete dobiti sve potrebne informacije u vezi poslovanja firme u Sloveniji i EU. Nudimo vam kompletnu podr\u0161ku koja uklju\u010duje <strong><a href=\"https:\/\/data.si\/srb\/knjigovodstvene-usluge\/\">ra\u010dunovodske, porezne i financijske usluge<\/a><\/strong>\u00a0u skladu sa slovenskim zakonodavstvom. Kontaktirajte na\u0161e stru\u010dnjake na\u00a0<a href=\"mailto:data@data.si\"><strong>data@data.si<\/strong><\/a>.<\/p>\n<p>\u017delite znati koji su vam dokumenti za registraciju potrebni? Za vi\u0161e a\u017eurnih novosti pratite i na na\u0161em\u00a0<strong><a href=\"https:\/\/www.facebook.com\/Data-doo-Osnivanje-firme-706699876048920\/\">Facebooku<\/a>.<\/strong>\u00a0Svakog tjedna odr\u017eavamo i\u00a0besplatne\u00a0<strong><a href=\"https:\/\/data.si\/hr\/prijava-na-webinar-sirenje-poslovanja-na-teritorij-slovenije\/\">webinare o\u00a0<\/a><\/strong><a href=\"https:\/\/data.si\/hr\/poslovna-migracija-u-sloveniju-eu-saznajte-vise\/\"><strong>poslovnoj migraciji u Sloveniji.<\/strong><\/a><\/p>\n","protected":false},"excerpt":{"rendered":"<p>Praznici u Sloveniji za 2023 godinu &#8211; koliko \u0107emo dana biti kod ku\u0107e? Praznici u Sloveniji 2023 godine bit \u0107e jo\u0161 &#8220;op\u0161irniji&#8221; od ovogodi\u0161njih. Ako ih je ove godine na vikend palo pet (ili vi\u0161e), sljede\u0107e \u0107e ih godine biti samo dva. Tako\u0111er, idu\u0107e godine praznik \u0107e se \u201cpobrinuti\u201d za \u010dak \u010detiri produ\u017eena vikenda. Kako [&hellip;]<\/p>\n","protected":false},"author":16,"featured_media":18359,"comment_status":"closed","ping_status":"closed","sticky":false,"template":"","format":"standard","meta":{"footnotes":""},"categories":[1,10],"tags":[106,70,36],"yst_prominent_words":[],"class_list":["post-18347","post","type-post","status-publish","format-standard","has-post-thumbnail","hentry","category-biznis","category-eu","tag-biznis-u-sloveniji","tag-drustvo-sa-ogranicenom-odgovornoscu","tag-registracija-firme-u-sloveniji"],"featured_image_src":{"landsacpe":["https:\/\/data.si\/hr\/wp-content\/uploads\/2022\/11\/bigstock-Holiday-Background-Happy-New-1140x445.jpg",1140,445,true],"list":["https:\/\/data.si\/hr\/wp-content\/uploads\/2022\/11\/bigstock-Holiday-Background-Happy-New-463x348.jpg",463,348,true],"medium":["https:\/\/data.si\/hr\/wp-content\/uploads\/2022\/11\/bigstock-Holiday-Background-Happy-New-300x165.jpg",300,165,true],"full":["https:\/\/data.si\/hr\/wp-content\/uploads\/2022\/11\/bigstock-Holiday-Background-Happy-New.jpg",1282,703,false]},"_links":{"self":[{"href":"https:\/\/data.si\/hr\/wp-json\/wp\/v2\/posts\/18347","targetHints":{"allow":["GET"]}}],"collection":[{"href":"https:\/\/data.si\/hr\/wp-json\/wp\/v2\/posts"}],"about":[{"href":"https:\/\/data.si\/hr\/wp-json\/wp\/v2\/types\/post"}],"author":[{"embeddable":true,"href":"https:\/\/data.si\/hr\/wp-json\/wp\/v2\/users\/16"}],"replies":[{"embeddable":true,"href":"https:\/\/data.si\/hr\/wp-json\/wp\/v2\/comments?post=18347"}],"version-history":[{"count":6,"href":"https:\/\/data.si\/hr\/wp-json\/wp\/v2\/posts\/18347\/revisions"}],"predecessor-version":[{"id":18381,"href":"https:\/\/data.si\/hr\/wp-json\/wp\/v2\/posts\/18347\/revisions\/18381"}],"wp:featuredmedia":[{"embeddable":true,"href":"https:\/\/data.si\/hr\/wp-json\/wp\/v2\/media\/18359"}],"wp:attachment":[{"href":"https:\/\/data.si\/hr\/wp-json\/wp\/v2\/media?parent=18347"}],"wp:term":[{"taxonomy":"category","embeddable":true,"href":"https:\/\/data.si\/hr\/wp-json\/wp\/v2\/categories?post=18347"},{"taxonomy":"post_tag","embeddable":true,"href":"https:\/\/data.si\/hr\/wp-json\/wp\/v2\/tags?post=18347"},{"taxonomy":"yst_prominent_words","embeddable":true,"href":"https:\/\/data.si\/hr\/wp-json\/wp\/v2\/yst_prominent_words?post=18347"}],"curies":[{"name":"wp","href":"https:\/\/api.w.org\/{rel}","templated":true}]}}