{"id":15873,"date":"2021-11-25T14:40:29","date_gmt":"2021-11-25T13:40:29","guid":{"rendered":"https:\/\/data.si\/hr\/?p=15873"},"modified":"2021-11-25T20:56:51","modified_gmt":"2021-11-25T19:56:51","slug":"place-u-sloveniji-minimalna-i-prosjecna-placa","status":"publish","type":"post","link":"https:\/\/data.si\/hr\/place-u-sloveniji-minimalna-i-prosjecna-placa\/","title":{"rendered":"Pla\u0107e u Sloveniji &#8211; minimalna i prosje\u010dna pla\u0107a"},"content":{"rendered":"<h2>Pla\u0107e u Sloveniji<\/h2>\n<p>Pla\u0107e u Sloveniji su uvjek aktualna tema, kako u javnom tako i u privatnom sektoru. Ako razmi\u0161ljate o <strong><a href=\"https:\/\/data.si\/srb\/sopstveno-preduzece-u-sloveniji-prvi-koraci\/\" target=\"_blank\" rel=\"noopener\">osnivanju firme u Sloveniji<\/a><\/strong> pozovite nas na <strong><a href=\"https:\/\/data.si\/srb\/kontakt\/\" target=\"_blank\" rel=\"noopener\">+386 64 173 023 (Viber\/WhatsApp)<\/a><\/strong> ili nam pi\u0161ite na <strong><a href=\"mailto:Slovenija2@data.si\" target=\"_blank\" rel=\"noopener\">Slovenia2@data.si<\/a><\/strong>. <a href=\"https:\/\/data.si\/hr\/o-nama\/\" target=\"_blank\" rel=\"noopener\"><strong>Na\u0161i stru\u010dnjaci u Data d.o.o.<\/strong><\/a> \u0107e vam pru\u017eiti kompletnu podr\u0161ku za osnivanje firme &#8211; od po\u010detka realizacije va\u0161e ideje do postizanja cilja! Na jednom mestu mo\u017eete dobiti sve potrebne informacije u vezi sa oporezivanjem i pravnim regulativama koje se odnose na poslovanje firme u Sloveniji.<\/p>\n<p style=\"text-align: center;\"><a class=\"button\" href=\"https:\/\/data.si\/hr\/kratak-vodic-za-otvaranje-firme-u-sloveniji\/\"><strong>Kratak vodi\u010d za otvaranje firme u Sloveniji<\/strong><\/a><\/p>\n<h2>Od \u010dega se sastoji pla\u0107a u Sloveniji<\/h2>\n<p>Pla\u0107e u Sloveniji se sastoje iz osnovne pla\u0107e, dela pla\u0107e za uspe\u0161nost i jo\u0161 nekih dodataka:<\/p>\n<ul>\n<li>Osnovna pla\u0107a predstavlja fiksni deo pla\u0107e i ovisi o zahtevnosti dela radnika. U kolektovnim ugovorima mogu biti propisane minimalne osnovne pla\u0107e koje ovise o vrsti dela i obrazovanju (tkz. polazna pla\u010da).<\/li>\n<li>Procjena radne uspje\u0161nosti zaposlenika ovisi o kvaliteti i obimu napravljenog posla. Sastavni deo pla\u0107e je tako\u0111er pla\u0107anje poslovne uspje\u0161nosti, ako to nije dogovoreno u kolektivnom ugovoru ili ugovorom o radu. Dodaci za radnu uspje\u0161nost i poslovnu uspje\u0161nost su varijabilni. Dodatek za poslovnu uspje\u0161nost ovisi o uspje\u0161nosti firme kao celote, dok je visina dodatka za radnu uspje\u0161nost fiksna.<\/li>\n<li>Pla\u0107e u Sloveniji sadr\u017ee i dodatke za posebne uslove rada koji proizilaze iz razporeda radnog vremena &#8211; za no\u0107ni rad, rad nedjeljom i rad za praznike. Tako\u0111er se odre\u0111ujuju i na osnovu posebnih optere\u0107enja na radnom mjestu, neugodnih utjecaja okoline i opasnosti na radnom mjestu.<\/li>\n<li>Zaposleniku pripada i dodatek za radni sta\u017e. Visina dodatka za radni sta\u017e je odre\u0111ena u kolektivnom ugovoru i ovisi o djelatnosti. Uglavnom iznosi 0,5 % od osnovne pla\u0107e za svaku radnu godinu sta\u017ea.<\/li>\n<\/ul>\n<h2>Tro\u0161kovi, regres, neto i bruto pla\u0107e u Sloveniji<\/h2>\n<ul>\n<li>Povra\u0107aj tro\u0161kova u vezi sa radom je samostalna celota i nije uklju\u010dena u pla\u0107u za rad. Zato se ne uklju\u010duje u osnovicu za odre\u0111ivanje poreza i socijalnih doprinosa. Sukladno sa zakonom mora poslodavac zaposleniku povratiti tro\u0161kove za hranu, <strong><a href=\"https:\/\/data.si\/hr\/dnevnica-u-sloveniji\/\" target=\"_blank\" rel=\"noopener\">prevoz na posao i sa posla i za slu\u017ebena putovanja.<\/a><\/strong><\/li>\n<li><strong><a href=\"https:\/\/data.si\/hr\/regres-u-sloveniji\/\" target=\"_blank\" rel=\"noopener\">Regres<\/a><\/strong> pripada svakom zaposleniku kome pripada pravo na godi\u0161nji odmor. <strong><a href=\"https:\/\/data.si\/hr\/stranci-kao-zaposleniki-koje-su-obaveze-poslodavaca\/\" target=\"_blank\" rel=\"noopener\">Poslodavac je du\u017ean<\/a><\/strong> isplatiti regres u visini jedne minimalne pla\u0107e. Ispla\u0107uje se jednom godi\u0161nje, najkasnije do 1.7. teku\u0107e godine.<\/li>\n<li>Polazna pla\u0107a je najni\u017ei iznos pla\u0107e koji pripada zaposleniku i ovisi o njegovom obrazovanju. Visina je odre\u0111ena u kolektivnim ugovorima na nivoju djelatnosti.<\/li>\n<li>Neto pla\u0107a je pla\u0107a koju zaposlenik primi na svoj transakcijski ra\u010dun i ne uklju\u010duje tro\u0161kove za hranu, prevoz i dodatke.<\/li>\n<li>Osnovna bruto pla\u0107a je osnovna pla\u0107a koja je dogovorena sa ugovorom o radu bez uklju\u010denih dodataka.<\/li>\n<li>Bruto bruto pla\u0107a predstavlja kona\u010dni tro\u0161ak poslodavca i uklju\u010duje osnovnu bruto pla\u0107u kojoj se dodaju svi dodaci i socijalni doprinosi poslodavca (16,10 %) i povra\u0107aj tro\u0161kova (<strong><a href=\"https:\/\/data.si\/hr\/iznos-za-rucak-znate-li-maksimalnu-i-minimalnu-visinu\/\" target=\"_blank\" rel=\"noopener\">prevoz, hrana<\/a><\/strong>, dodaci idr.).<\/li>\n<\/ul>\n<p style=\"text-align: center;\"><strong><a class=\"link-orange-button button\" title=\"Prijava na webinar\" href=\"https:\/\/data.si\/hr\/prijava-na-webinar-sirenje-poslovanja-na-teritorij-slovenije\/\">\u017delite znati vi\u0161e o otvaranju firme u Sloveniji i radnim dozvolama? Prijavite se na besplatni webinar<\/a><\/strong><\/p>\n<h2>Minimalna pla\u0107a u Sloveniji<\/h2>\n<p>Slovenija je minimalnu pla\u0107u uvela 1995 godine. Minimalna pla\u0107a je najni\u017ei mjese\u010dni iznos bruto pla\u0107e koji radniku pripada za rad i koji je zaposlen za puno radno vrijeme. Pravo na minimalnu pla\u0107u imaju svi radnici koji rade na teritoriji Republike Slovenije, neovisno o sjedi\u0161tu poslodavca. Minimalna pla\u010da je propisana Zakonom o minimalni pla\u0107i i trenutno\u00a0 iznosi 1.024,24 EUR bruto. U kolektivnim ugovorima mogu biti odre\u0111eni vi\u0161i iznosi minimalne pla\u0107e u Sloveniji.<\/p>\n<p>Kao i prethodnih godina nastavljen je trend rasta minimalne pla\u0107e u Sloveniji (2020. godine je minimalna pla\u0107a iznosila 940,58 EUR). Savez sindikata Slovenije je mi\u0161ljenja da bi sukladno sa ekonomskim oporavkom i trenutnim iznosom minimalnih \u017eivotnih tro\u0161kova koji je prenizak (613,41 EUR), minimalnu pla\u0107u trebalo pove\u0107ati za 10,36 %. Tako bi se visina minimalne pla\u0107e u Sloveniji pove\u0107ala sa 1.024,24 EUR na 1.133,35 EUR. Da bi do\u0161lo do rasta minimalne pla\u010de u 2022. godini potrebno je do kraja ove godine napraviti izra\u010dun minimalnih \u017eivotnih tro\u0161kova. Visina minimalne pla\u0107e u Sloveniji se sukladno sa zakonom svake godine uskladi sa rastom cena \u017eivotnih potreba.<\/p>\n<p style=\"text-align: center;\"><span class=\"Y2IQFc\"><a class=\"button\" href=\"https:\/\/data.si\/srb\/kontakt\/\"><strong>ZA VI\u0160E INFORMACIJA O OTVARANJU KOMPANIJE\u00a0 KONTAKTIRAJTE NAS NA +386 64 173 023 (Viber\/WhatsApp)<\/strong><\/a><\/span><\/p>\n<h2>Prosje\u010dne pla\u0107e u Sloveniji<\/h2>\n<p>Prosje\u010dne pla\u0107e u Sloveniji u rujnu 2021 su iznosile 1.872,92 EUR bruto i 1.210,46 EUR neto. Kad je rije\u010d o djelatnostima prosje\u010dna bruto pla\u0107a za rujan 2021. godine je bila najvi\u0161a u finasijskom i osiguravaju\u0107em sektoru i iznosila je 2.668,52 EUR. Prosje\u010dna pla\u0107a za rujan 2021. godine se je najvi\u0161e smanjila u djelatnosti pru\u017eanja usluga vezanih za elektri\u010dnu energiju, plin i paru. Gra\u0111evinski sektor bilje\u017ei veliki nalet i po zapo\u0161ljavanju i po obujmu gra\u0111evinskih aktivnosti i tako je prosje\u010dna bruto pla\u0107a u mjesecu rujan iznosila 1.504,63 EUR. U energetskom sektoru je iznosila 2.554,9 EUR, u obrazovnom sektoru je prosje\u010dna pla\u0107a iznosila 1.951 EUR, dok je za informacijske i komunikacijske djelatnosti iznosila 2.562,3 EUR.<\/p>\n<p>U minimalno pla\u0107u se ne ubrajaja povra\u0107aj tro\u0161kova za hranu, prevoz na posao i sa posla, tro\u0161kovi na slu\u017ebenom putovanju, kao ni drugi prihodi iz radnog odnosa (regres za godi\u0161nji odmor, otpremnine, jubilejne nagrade).<\/p>\n<p>Ured za makroekonomske analize i razvoj za ovu godinu prognozira rast pla\u0107e u Sloveniji za 5,8 %.<\/p>\n<p style=\"text-align: center;\"><a class=\"button\" href=\"https:\/\/https:\/\/data.si\/srb\/obracun-plate-za-zaposlenog-u-sloveniji\/\/?utm_source=facebook&amp;utm_medium=social&amp;fbclid=IwAR09MbMOJW42K2qP2ida-VqBqZr_4LqqB_4vTPNOrOqBy0ym9btfMxyfIvI\/\/&quot;\"><strong>Obra\u010dun plate za zaposlenog u Sloveniji<\/strong><\/a><\/p>\n<h3>Kontaktirajte nas!<\/h3>\n<p>Da li planirate da pokrenete biznis u EU? I potrebna vam je podr\u0161ka u zapo\u010dinjanju tog procesa? Na\u0161i poslovni savjetnici \u0107e vam sa veseljem pomo\u0107i. Pi\u0161ite im na <strong><a href=\"mailto:data@data.si\">data@data.si.<\/a><\/strong> Za vi\u0161e a\u017eurnih novosti u vezi sa poslovanjem u Sloveniji i EU nas pratite i na na\u0161em <strong><a href=\"https:\/\/www.facebook.com\/Data-doo-Osnivanje-firme-706699876048920\/\" target=\"_blank\" rel=\"noopener noreferrer\">Facebooku<\/a>.<\/strong> Svake nedelje odr\u017eavamo i<span class=\"Y2IQFc\">\u00a0besplatne <strong><a href=\"https:\/\/data.si\/hr\/prijava-na-webinar-sirenje-poslovanja-na-teritorij-slovenije\/\">webinare o <\/a><\/strong><a href=\"https:\/\/data.si\/hr\/poslovna-migracija-u-sloveniju-eu-saznajte-vise\/\" target=\"_blank\" rel=\"noopener noreferrer\"><strong>poslovnoj migraciji u Sloveniji.<\/strong><\/a><\/span><\/p>\n<p><span class=\"Y2IQFc\"><span class=\"Y2IQFc\" lang=\"hr\">\u00a0<\/span><\/span><\/p>\n","protected":false},"excerpt":{"rendered":"<p>Pla\u0107e u Sloveniji Pla\u0107e u Sloveniji su uvjek aktualna tema, kako u javnom tako i u privatnom sektoru. Ako razmi\u0161ljate o osnivanju firme u Sloveniji pozovite nas na +386 64 173 023 (Viber\/WhatsApp) ili nam pi\u0161ite na Slovenia2@data.si. Na\u0161i stru\u010dnjaci u Data d.o.o. \u0107e vam pru\u017eiti kompletnu podr\u0161ku za osnivanje firme &#8211; od po\u010detka realizacije [&hellip;]<\/p>\n","protected":false},"author":16,"featured_media":15885,"comment_status":"closed","ping_status":"closed","sticky":false,"template":"","format":"standard","meta":{"footnotes":""},"categories":[1,10,6,4],"tags":[1622],"yst_prominent_words":[],"class_list":["post-15873","post","type-post","status-publish","format-standard","has-post-thumbnail","hentry","category-biznis","category-eu","category-osnivanje-poduzeca","category-slovenija","tag-slovenija-biznis-eu"],"featured_image_src":{"landsacpe":["https:\/\/data.si\/hr\/wp-content\/uploads\/2021\/11\/bigstock-Woman-using-a-calculator-doing-416230444-1-1140x445.jpg",1140,445,true],"list":["https:\/\/data.si\/hr\/wp-content\/uploads\/2021\/11\/bigstock-Woman-using-a-calculator-doing-416230444-1-463x348.jpg",463,348,true],"medium":["https:\/\/data.si\/hr\/wp-content\/uploads\/2021\/11\/bigstock-Woman-using-a-calculator-doing-416230444-1-300x157.jpg",300,157,true],"full":["https:\/\/data.si\/hr\/wp-content\/uploads\/2021\/11\/bigstock-Woman-using-a-calculator-doing-416230444-1.jpg",1200,628,false]},"_links":{"self":[{"href":"https:\/\/data.si\/hr\/wp-json\/wp\/v2\/posts\/15873","targetHints":{"allow":["GET"]}}],"collection":[{"href":"https:\/\/data.si\/hr\/wp-json\/wp\/v2\/posts"}],"about":[{"href":"https:\/\/data.si\/hr\/wp-json\/wp\/v2\/types\/post"}],"author":[{"embeddable":true,"href":"https:\/\/data.si\/hr\/wp-json\/wp\/v2\/users\/16"}],"replies":[{"embeddable":true,"href":"https:\/\/data.si\/hr\/wp-json\/wp\/v2\/comments?post=15873"}],"version-history":[{"count":11,"href":"https:\/\/data.si\/hr\/wp-json\/wp\/v2\/posts\/15873\/revisions"}],"predecessor-version":[{"id":15891,"href":"https:\/\/data.si\/hr\/wp-json\/wp\/v2\/posts\/15873\/revisions\/15891"}],"wp:featuredmedia":[{"embeddable":true,"href":"https:\/\/data.si\/hr\/wp-json\/wp\/v2\/media\/15885"}],"wp:attachment":[{"href":"https:\/\/data.si\/hr\/wp-json\/wp\/v2\/media?parent=15873"}],"wp:term":[{"taxonomy":"category","embeddable":true,"href":"https:\/\/data.si\/hr\/wp-json\/wp\/v2\/categories?post=15873"},{"taxonomy":"post_tag","embeddable":true,"href":"https:\/\/data.si\/hr\/wp-json\/wp\/v2\/tags?post=15873"},{"taxonomy":"yst_prominent_words","embeddable":true,"href":"https:\/\/data.si\/hr\/wp-json\/wp\/v2\/yst_prominent_words?post=15873"}],"curies":[{"name":"wp","href":"https:\/\/api.w.org\/{rel}","templated":true}]}}