{"id":14915,"date":"2021-10-11T17:15:18","date_gmt":"2021-10-11T15:15:18","guid":{"rendered":"https:\/\/data.si\/hr\/?p=14915"},"modified":"2021-11-05T22:24:44","modified_gmt":"2021-11-05T21:24:44","slug":"pct-pogoj-u-sloveniji-se-promjenio","status":"publish","type":"post","link":"https:\/\/data.si\/hr\/pct-pogoj-u-sloveniji-se-promjenio\/","title":{"rendered":"PCT pogoj u Sloveniji &#8211; promijena uvjeta"},"content":{"rendered":"<h2>PCT pogoj u Sloveniji &#8211;\u00a0 novi uvjeti<\/h2>\n<p>PCT pogoj u Sloveniji &#8211; promijena uvjeta, kod radnika i\u00a0 <a href=\"https:\/\/data.si\/srb\/radna-dozvola-za-strance-koje-su-obaveze-poslodavca\/\" target=\"_blank\" rel=\"noopener\">poduzetnika<\/a> koji obavljaju poslove kod ku\u0107e ispunjavanje uvjeta se mjenja.<\/p>\n<p>Promijena je i na benzinskim postajam. <a href=\"http:\/\/pisrs.si\/Pis.web\/pregledPredpisa?id=ODLO2600\" target=\"_blank\" rel=\"noopener\">Uredba<\/a> tako\u0111er predvi\u0111a\u00a0 promjenu u kori\u0161tenju za\u0161titne maske. Uredba tako\u0111er predvi\u0111a promjenu u kori\u0161tenju za\u0161titne maske. Izmjene i dopune, Vlada je donijela <a href=\"http:\/\/pisrs.si\/Pis.web\/pregledPredpisa?id=ODLO2600\" target=\"_blank\" rel=\"noopener\">Uredbom<\/a> o izmjenama i dopunama uvjeta.<\/p>\n<h3 id=\"tw-target-text\" class=\"tw-data-text tw-text-large XcVN5d tw-ta\" dir=\"ltr\" style=\"text-align: center;\" data-placeholder=\"Prevod\"><a href=\"https:\/\/data.si\/hr\/nova-formula-za-obracun-minimalne-plate-u-sloveniji\/\" target=\"_blank\" rel=\"noopener\"><strong>Informativni izra\u010dun plate u Sloveniji<\/strong><\/a><\/h3>\n<h3>PCT pogoj u Sloveniji &#8211; promijena uvjeta za radnice koji rade od ku\u0107e.<\/h3>\n<p>Sve dok radnici kojima je poslodavac dopustio da rade od ku\u0107e , ne moraju ispuniti PCT pogoj,\u00a0 promijena uvjeta -a i tu je korigirala uvjete. Na benzinskim postajama promjena uvjeta o nu\u017enosti pogoja zna\u010di to, da benzinske postaje osiguravaju sigurno obavljanje djelatnosti bez izravnih kontakata na svim otvorenim prostorima i mjestima. Moraju zadovoljiti\u00a0 uvjet,\u00a0 samo ako koriste usluge ili kupuju robu u zatvorenom prostoru. Izvijestili su da je oskrba motornim gorivima tako\u0111er sastavni dio kriti\u010dne infrastrukture u opskrbi energijom zato je i tu promjena uvjeta o PCT uvjeta.<\/p>\n<p>Promijena je i u sportu,\u00a0 tamo nije potrebna za\u0161titna maska. Uredbom je tako\u0111er propisano da se sportski trening mo\u017ee izvoditi bez upotrebe za\u0161titne maske. Nova iznimka u vezi s upotrebom za\u0161titne maske dopu\u0161tena je ako osobe ispunjavaju PCT pogoja. To se ne odnosi na djecu mla\u0111u od 15 godina jer podlije\u017eu op\u0107oj iznimci. Istodobno, PCT pogoj u Sloveniji nije potrebno osigurati me\u0111uljudsku udaljenost, bez obzira na to je li vje\u017eba ili. sportska aktivnost provodi se na otvorenom ili u zatvorenom prostoru.<\/p>\n<div class=\"page-wrapper\">\n<div id=\"main\" class=\"column2 column2-right-sidebar boxed\">\n<div class=\"container\">\n<div class=\"row main-content-wrap\">\n<div class=\"main-content col-lg-9\">\n<div id=\"content\" role=\"main\">\n<article class=\"post-large post-title-simple post-14756 post type-post status-publish format-standard has-post-thumbnail hentry category-biznis category-eu tag-biznis-u-eu tag-biznis-u-sloveniji tag-otvaranje-firme-u-sloveniji tag-registracija-firme-u-sloveniji\">\n<div class=\"post-content\">\n<div class=\"entry-content\">\n<h3 style=\"text-align: center;\"><a href=\"https:\/\/data.si\/hr\/kratak-vodic-za-otvaranje-firme-u-sloveniji\/\" target=\"_blank\" rel=\"noopener\"><strong>Kratak vodi\u010d za otvar<\/strong><\/a><a href=\"https:\/\/data.si\/hr\/kratak-vodic-za-otvaranje-firme-u-sloveniji\/\" target=\"_blank\" rel=\"noopener\"><strong>anje firme u Sloveniji<\/strong><\/a><\/h3>\n<\/div>\n<p>Me\u0111utim, ostale mjere u vezi promjene PTC pogoja o kojima smo ovdje pisali i dalje ostaju na snazi. Nakon sjednice Vlade\u00a0 u Sloveniji u priop\u0107enju je objavljeno da Pravilnik o izmjenama i dopunama Pravilnika o na\u010dinu ispunjavanja uvjeta morbiditeta, cijepljenju i testiranju radi suzbijanja \u0161irenja promjena virusa SARS-CoV-2 koji ispunjava PCT pogoj u Sloveniji uvodi promjene\u00a0 za radnike koji rade kod ku\u0107e.<\/p>\n<div class=\"page-wrapper\">\n<div id=\"main\" class=\"column2 column2-right-sidebar boxed\">\n<div class=\"container\">\n<div class=\"row main-content-wrap\">\n<div class=\"main-content col-lg-9\">\n<div id=\"content\" role=\"main\">\n<article class=\"post-large post-title-simple post-14774 post type-post status-publish format-standard has-post-thumbnail hentry category-biznis category-eu tag-besplatni-webinari-o-otvaranju-firme-u-sloveniji tag-biznis-u-eu tag-biznis-u-sloveniji tag-otvaranje-firme-u-sloveniji\">\n<div class=\"post-content\">\n<div class=\"entry-content\">\n<h2><\/h2>\n<p>*Obratite se DATA d.o.o. za konsultacije i podr\u0161ku pri registraciji preduzec\u0301a u Sloveniji! Ne propustite jedinstvenu priliku da saznate vi\u0161e o registraciji firme u Sloveniji i vrstama kompanija koje mo\u017eete da registrujete. DATA vam mo\u017ee pru\u017eiti punu podr\u0161ku u konsultacijama i registraciji kompanije. Planirate da otvorite firmu u Sloveniji? Nazovite na\u0161e stru\u010dnjake na broj +386 1 6006 274 (fiksni telefon), +386 64 173 023 (Viber\/WhatsApp) ili nam pi\u0161ite na email <a href=\"https:\/\/data.si\/srb\/kontakt\/\"><strong>data@data.si.\u00a0<\/strong><\/a>Tako\u0111e vam predla\u017eemo da posetite na\u0161\u00a0<strong><a href=\"https:\/\/www.facebook.com\/Data-doo-Osnivanje-firme-706699876048920\/\" target=\"_blank\" rel=\"noopener noreferrer\">Facebook<\/a>.<\/strong><\/p>\n<\/div>\n<\/div>\n<\/article>\n<\/div>\n<\/div>\n<\/div>\n<\/div>\n<\/div>\n<\/div>\n<\/div>\n<\/article>\n<\/div>\n<\/div>\n<\/div>\n<\/div>\n<\/div>\n<\/div>\n","protected":false},"excerpt":{"rendered":"<p>PCT pogoj u Sloveniji &#8211;\u00a0 novi uvjeti PCT pogoj u Sloveniji &#8211; promijena uvjeta, kod radnika i\u00a0 poduzetnika koji obavljaju poslove kod ku\u0107e ispunjavanje uvjeta se mjenja. Promijena je i na benzinskim postajam. Uredba tako\u0111er predvi\u0111a\u00a0 promjenu u kori\u0161tenju za\u0161titne maske. Uredba tako\u0111er predvi\u0111a promjenu u kori\u0161tenju za\u0161titne maske. Izmjene i dopune, Vlada je donijela [&hellip;]<\/p>\n","protected":false},"author":16,"featured_media":15020,"comment_status":"closed","ping_status":"closed","sticky":false,"template":"","format":"standard","meta":{"footnotes":""},"categories":[1,10,4],"tags":[1312,103,1160],"yst_prominent_words":[],"class_list":["post-14915","post","type-post","status-publish","format-standard","has-post-thumbnail","hentry","category-biznis","category-eu","category-slovenija","tag-biznis-u-sloveniji-i-eu","tag-otvaranja-firme-u-sloveniji","tag-racunovodsko-savetovanje"],"featured_image_src":{"landsacpe":["https:\/\/data.si\/hr\/wp-content\/uploads\/2021\/10\/bigstock-Woman-Wear-Medical-Mask-At-Sel-402651635-1140x445.jpg",1140,445,true],"list":["https:\/\/data.si\/hr\/wp-content\/uploads\/2021\/10\/bigstock-Woman-Wear-Medical-Mask-At-Sel-402651635-463x348.jpg",463,348,true],"medium":["https:\/\/data.si\/hr\/wp-content\/uploads\/2021\/10\/bigstock-Woman-Wear-Medical-Mask-At-Sel-402651635-300x200.jpg",300,200,true],"full":["https:\/\/data.si\/hr\/wp-content\/uploads\/2021\/10\/bigstock-Woman-Wear-Medical-Mask-At-Sel-402651635-scaled.jpg",2560,1707,false]},"_links":{"self":[{"href":"https:\/\/data.si\/hr\/wp-json\/wp\/v2\/posts\/14915","targetHints":{"allow":["GET"]}}],"collection":[{"href":"https:\/\/data.si\/hr\/wp-json\/wp\/v2\/posts"}],"about":[{"href":"https:\/\/data.si\/hr\/wp-json\/wp\/v2\/types\/post"}],"author":[{"embeddable":true,"href":"https:\/\/data.si\/hr\/wp-json\/wp\/v2\/users\/16"}],"replies":[{"embeddable":true,"href":"https:\/\/data.si\/hr\/wp-json\/wp\/v2\/comments?post=14915"}],"version-history":[{"count":84,"href":"https:\/\/data.si\/hr\/wp-json\/wp\/v2\/posts\/14915\/revisions"}],"predecessor-version":[{"id":15628,"href":"https:\/\/data.si\/hr\/wp-json\/wp\/v2\/posts\/14915\/revisions\/15628"}],"wp:featuredmedia":[{"embeddable":true,"href":"https:\/\/data.si\/hr\/wp-json\/wp\/v2\/media\/15020"}],"wp:attachment":[{"href":"https:\/\/data.si\/hr\/wp-json\/wp\/v2\/media?parent=14915"}],"wp:term":[{"taxonomy":"category","embeddable":true,"href":"https:\/\/data.si\/hr\/wp-json\/wp\/v2\/categories?post=14915"},{"taxonomy":"post_tag","embeddable":true,"href":"https:\/\/data.si\/hr\/wp-json\/wp\/v2\/tags?post=14915"},{"taxonomy":"yst_prominent_words","embeddable":true,"href":"https:\/\/data.si\/hr\/wp-json\/wp\/v2\/yst_prominent_words?post=14915"}],"curies":[{"name":"wp","href":"https:\/\/api.w.org\/{rel}","templated":true}]}}