{"id":14574,"date":"2021-08-10T15:50:57","date_gmt":"2021-08-10T13:50:57","guid":{"rendered":"https:\/\/data.si\/hr\/?p=14574"},"modified":"2021-08-10T15:53:28","modified_gmt":"2021-08-10T13:53:28","slug":"promjena-prezimena","status":"publish","type":"post","link":"https:\/\/data.si\/hr\/promjena-prezimena\/","title":{"rendered":"Promjena prezimena samostalnog poduzetnika u Sloveniji\/EU"},"content":{"rendered":"<div id=\"tw-container\" class=\"YQaNob\" data-cp=\"1\" data-is-ver=\"false\" data-nnttsvi=\"1\" data-sugg-time=\"500\" data-sugg-url=\"https:\/\/clients1.google.com\/complete\/search\" data-uilc=\"en\">\n<div id=\"tw-ob\" class=\"tw-src-ltr\">\n<div class=\"oSioSc\">\n<div id=\"tw-target\">\n<div id=\"kAz1tf\" class=\"g9WsWb\">\n<div id=\"tw-target-rmn-container\" class=\"tw-target-rmn tw-ta-container F0azHf tw-nfl\">\n<h2 id=\"tw-target-rmn\" class=\"tw-data-text tw-text-small tw-ta\" dir=\"ltr\"><span class=\"Y2IQFc\">Promjena prezimena i imena samostalnog poduzetnika <\/span><\/h2>\n<p class=\"tw-data-text tw-text-small tw-ta\" dir=\"ltr\"><span class=\"Y2IQFc\">Promjena prezimena je naj\u010de\u0161c\u0301a nakon ven\u010danja, ali nije neophodna. Obi\u010dno se \u017eena odre\u0107e svog prezimena i preuzme mu\u017eevo, ali u moderno doba promena prezimena mo\u017ee biti druga\u010dija. \u017dene \u010desto dodaju mu\u017eevo prezime, a de\u0161ava se i da mu\u017e preuzme \u017eenino. Iako poduzetnici nisu u obavezi da prijavljuju promene, se ime samostalnog poduzetnika u poslovnom registru, nakon promene prezimena, nec\u0301e promjeniti sama od sebe. Samostalni poduzetnik je jedan izme\u0111u oblika <strong><a href=\"https:\/\/data.si\/hr\/kratak-vodic-za-otvaranje-firme-u-sloveniji\/\">firmi koje se otvaraju u Sloveniji.<\/a><\/strong> \u010cesto se osnuje i d.o.o. Slovenija je idealna zemlja za poslovanje, jer se je u dr\u017eavi u ovoj godini <strong><a href=\"https:\/\/data.si\/srb\/zarada-u-sloveniji\/\">prose\u010dna bruto zarada pove\u0107ala<\/a><\/strong>.<\/span><\/p>\n<p dir=\"ltr\" style=\"text-align: center;\"><span class=\"Y2IQFc\"><a class=\"button\" href=\"https:\/\/data.si\/srb\/obracun-plate-u-sloveniji\/\"><strong>Kalkulator za obra\u010dun plate u Sloveniji<\/strong><\/a><\/span><\/p>\n<div id=\"tw-container\" class=\"YQaNob\" data-cp=\"1\" data-is-ver=\"false\" data-nnttsvi=\"1\" data-sugg-time=\"500\" data-sugg-url=\"https:\/\/clients1.google.com\/complete\/search\" data-uilc=\"en\">\n<div id=\"tw-ob\" class=\"tw-src-ltr\">\n<div class=\"oSioSc\">\n<div id=\"tw-target\">\n<div id=\"kAz1tf\" class=\"g9WsWb\">\n<div id=\"tw-target-rmn-container\" class=\"tw-target-rmn tw-ta-container F0azHf tw-nfl\">\n<h3 id=\"tw-target-rmn\" class=\"tw-data-text tw-text-small tw-ta\" dir=\"ltr\"><span class=\"Y2IQFc\">Ime i prezime su obavezne komponente imena s. p.<\/span><\/h3>\n<p id=\"tw-target-rmn\" class=\"tw-data-text tw-text-small tw-ta\" dir=\"ltr\"><span class=\"Y2IQFc\">Sli\u010dno kao i kompanija, samozaposleni u registraciji dobija naziv (kompanija) pod kojim posluje i tako\u0111e je upisan u Poslovni registar Slovenije (PRS). Pored oznake djelatnosti i imena i prezimena preduzetnika, naziv ima oznaku s. p. Mesto obavljanja delatnosti ili mesto gde samozaposleno lice posluje. Skrac\u0301eni naziv mora nu\u017eno da sadr\u017ei ime i prezime preduzetnika i oznaku s. p.<\/span><\/p>\n<p dir=\"ltr\" style=\"text-align: center;\"><a class=\"button\" href=\"https:\/\/data.si\/srb\/kontakt\/\"><strong>ZA VI\u0160E INFORMACIJA O OTVARANJU KOMPANIJE\u00a0 KONTAKTIRAJTE NAS NA +386 64 173 023 (VIBER\/WHATZAPP)<\/strong><\/a><\/p>\n<h3 dir=\"ltr\">Da li se promjena prezimena automatski upisuje u poslovni registar?<\/h3>\n<\/div>\n<div class=\"iYB33c\">\n<div id=\"tw-tmenu\" class=\"tw-menu\">\n<p class=\"tw-data-text tw-text-small tw-ta\" dir=\"ltr\"><span class=\"Y2IQFc\">Ulaskom u Poslovni registar Slovenije (PRS) sti\u010de se status <strong><a href=\"https:\/\/data.si\/hr\/samostalni-poduzetnik-i-pausalno-oporezivanje-u-sloveniji\/\">samostalnog preduzetnika<\/a><\/strong>. Svaki put kada promenite podatke potrebne za registraciju, morate je prijaviti u roku od 15 dana od njenog pojavljivanja. Ali nije nu\u017eno da <\/span><span class=\"Y2IQFc\">prijavite promene podataka ako ime, prezime ili sedi\u0161te ili potencijalni predstavnik, tako\u0111e se mora uneti u SSS. Naime, ovi podaci su uskla\u0111eni sa Centralnim registrom stanovni\u0161tva.<\/span><\/p>\n<p dir=\"ltr\" style=\"text-align: center;\"><a class=\"button\" href=\"https:\/\/data.si\/srb\/delatnost-gradjevine-i-otvaranje-firme-u-sloveniji-eu\/?utm_source=facebook&amp;utm_medium=social&amp;fbclid=IwAR0yebGycdCpFUMiwwi3ygHH44OgHnkEWRWVr17WOYhWoIe5p1iKQwWfWKo\/\/\"><strong>Otvaranje firme za gra\u0111evinu u Sloveniji<\/strong><\/a><\/p>\n<h3 id=\"tw-target-rmn\" class=\"tw-data-text tw-text-small tw-ta\" dir=\"ltr\"><span class=\"Y2IQFc\">Promjena prezimena nij<\/span><span class=\"Y2IQFc\">e automatska <\/span><\/h3>\n<p class=\"tw-data-text tw-text-small tw-ta\" dir=\"ltr\"><span class=\"Y2IQFc\">Me\u0111utim, to ne zna\u010di da se promena prezimena samozaposlene osobe de\u0161ava automatski, pa c\u0301e va\u0161e preduzec\u0301e ostati isto kao i pre promene, ako sami ne vodite ra\u010duna o njenom a\u017euriranju. To nije odre\u0111eno zakonom, ali je dobro promeniti podatke kako ne biste poslovali pod imenom koje nije va\u0161e i mo\u017eda uop\u0161te ne postoji. Va\u017eno je da vas klijenti prepoznaju, pove\u017eu va\u0161e ime sa poslom i obrnuto, uspostave pozitivan stav prema vama i veruju vam.<\/span><\/p>\n<p dir=\"ltr\" style=\"text-align: center;\"><a class=\"button\" href=\"https:\/\/data.si\/srb\/dnevnica-u-inostranstvu-i-u-sloveniji-eu-mozemo-ocekivati-veci-iznos\/\/\"><strong>Dnevnica u Sloveniji\/EU<\/strong><\/a><\/p>\n<h3 id=\"tw-target-rmn\" class=\"tw-data-text tw-text-small tw-ta\" dir=\"ltr\"><span class=\"Y2IQFc\">Laka procedura u SPOT ta\u010dki <\/span><\/h3>\n<p class=\"tw-data-text tw-text-small tw-ta\" dir=\"ltr\"><span class=\"Y2IQFc\">Sve promjene podaca samostalnog poduzetnika treba pojedinac potpisati sam, ili za to ovlastiti drugo osobo. Postupak je jednostavan i besplatan. Proces je jednostavan i besplatan. Promena prezimena jedna je od jednostavnih promena, ba\u0161 kao i dodavanje aktivnosti i promena udela kompanije. Zahtevniji je prenos s.p. na tre\u0107u osobo, po\u0161to zahteva notarski akt.<\/span><\/p>\n<p dir=\"ltr\"><span class=\"Y2IQFc\">Za vi\u0161e informacija o poslovanju u Sloveniji i otvaranju kompanije u Sloveniji posetite i na\u0161 <strong><a href=\"https:\/\/www.facebook.com\/Data-doo-Osnivanje-firme-706699876048920\/\" target=\"_blank\" rel=\"noopener noreferrer\">Facebook. <\/a><\/strong>Tako\u0111e se mo\u017eete prijaviti i na na\u0161e besplatne <strong><a href=\"https:\/\/data.si\/hr\/prijava-na-webinar-sirenje-poslovanja-na-teritorij-slovenije\/\">webinare o <\/a><\/strong><a href=\"https:\/\/data.si\/hr\/poslovna-migracija-u-sloveniju-eu-saznajte-vise\/\" target=\"_blank\" rel=\"noopener noreferrer\"><strong>poslovni migraciji u Sloveniji.<\/strong><\/a><\/span><\/p>\n<\/div>\n<\/div>\n<\/div>\n<\/div>\n<\/div>\n<\/div>\n<div><\/div>\n<\/div>\n<p class=\"KFFQ0c xKf9F\">\n<\/div>\n<div class=\"iYB33c\">\n<div class=\"dlJLJe\">\n<div data-cviv=\"false\" data-ved=\"2ahUKEwjbvpb37KXyAhX7GFkFHbtbBh8Qz_AEMAB6BAgCEA8\">\n<div class=\"U9URNb\"><\/div>\n<\/div>\n<\/div>\n<div id=\"tw-tmenu\" class=\"tw-menu\"><\/div>\n<\/div>\n<\/div>\n<\/div>\n<\/div>\n<\/div>\n<div id=\"tw-images\"><\/div>\n<div class=\"dURPtb\"><\/div>\n<div>\n<div><\/div>\n<\/div>\n<\/div>\n<div class=\"KFFQ0c xKf9F\"><\/div>\n","protected":false},"excerpt":{"rendered":"<p>Promjena prezimena i imena samostalnog poduzetnika Promjena prezimena je naj\u010de\u0161c\u0301a nakon ven\u010danja, ali nije neophodna. Obi\u010dno se \u017eena odre\u0107e svog prezimena i preuzme mu\u017eevo, ali u moderno doba promena prezimena mo\u017ee biti druga\u010dija. \u017dene \u010desto dodaju mu\u017eevo prezime, a de\u0161ava se i da mu\u017e preuzme \u017eenino. Iako poduzetnici nisu u obavezi da prijavljuju promene, se [&hellip;]<\/p>\n","protected":false},"author":16,"featured_media":14583,"comment_status":"closed","ping_status":"closed","sticky":false,"template":"","format":"standard","meta":{"footnotes":""},"categories":[1,10],"tags":[109,106,12,1606],"yst_prominent_words":[],"class_list":["post-14574","post","type-post","status-publish","format-standard","has-post-thumbnail","hentry","category-biznis","category-eu","tag-biznis-u-eu","tag-biznis-u-sloveniji","tag-otvaranje-firme-u-sloveniji","tag-promjena-prezimena"],"featured_image_src":{"landsacpe":["https:\/\/data.si\/hr\/wp-content\/uploads\/2021\/08\/Promjena-prezimena-da-li-treba-s.p.-u-Sloveniji-mjenjati-ime-1140x445.jpg",1140,445,true],"list":["https:\/\/data.si\/hr\/wp-content\/uploads\/2021\/08\/Promjena-prezimena-da-li-treba-s.p.-u-Sloveniji-mjenjati-ime-463x348.jpg",463,348,true],"medium":["https:\/\/data.si\/hr\/wp-content\/uploads\/2021\/08\/Promjena-prezimena-da-li-treba-s.p.-u-Sloveniji-mjenjati-ime-300x147.jpg",300,147,true],"full":["https:\/\/data.si\/hr\/wp-content\/uploads\/2021\/08\/Promjena-prezimena-da-li-treba-s.p.-u-Sloveniji-mjenjati-ime.jpg",1280,628,false]},"_links":{"self":[{"href":"https:\/\/data.si\/hr\/wp-json\/wp\/v2\/posts\/14574","targetHints":{"allow":["GET"]}}],"collection":[{"href":"https:\/\/data.si\/hr\/wp-json\/wp\/v2\/posts"}],"about":[{"href":"https:\/\/data.si\/hr\/wp-json\/wp\/v2\/types\/post"}],"author":[{"embeddable":true,"href":"https:\/\/data.si\/hr\/wp-json\/wp\/v2\/users\/16"}],"replies":[{"embeddable":true,"href":"https:\/\/data.si\/hr\/wp-json\/wp\/v2\/comments?post=14574"}],"version-history":[{"count":11,"href":"https:\/\/data.si\/hr\/wp-json\/wp\/v2\/posts\/14574\/revisions"}],"predecessor-version":[{"id":14586,"href":"https:\/\/data.si\/hr\/wp-json\/wp\/v2\/posts\/14574\/revisions\/14586"}],"wp:featuredmedia":[{"embeddable":true,"href":"https:\/\/data.si\/hr\/wp-json\/wp\/v2\/media\/14583"}],"wp:attachment":[{"href":"https:\/\/data.si\/hr\/wp-json\/wp\/v2\/media?parent=14574"}],"wp:term":[{"taxonomy":"category","embeddable":true,"href":"https:\/\/data.si\/hr\/wp-json\/wp\/v2\/categories?post=14574"},{"taxonomy":"post_tag","embeddable":true,"href":"https:\/\/data.si\/hr\/wp-json\/wp\/v2\/tags?post=14574"},{"taxonomy":"yst_prominent_words","embeddable":true,"href":"https:\/\/data.si\/hr\/wp-json\/wp\/v2\/yst_prominent_words?post=14574"}],"curies":[{"name":"wp","href":"https:\/\/api.w.org\/{rel}","templated":true}]}}