{"id":14452,"date":"2021-07-24T07:31:50","date_gmt":"2021-07-24T05:31:50","guid":{"rendered":"https:\/\/data.si\/hr\/?p=14452"},"modified":"2021-07-30T14:44:46","modified_gmt":"2021-07-30T12:44:46","slug":"zakon-o-zastiti-potrosaca","status":"publish","type":"post","link":"https:\/\/data.si\/hr\/zakon-o-zastiti-potrosaca\/","title":{"rendered":"Zakon o za\u0161titi potro\u0161a\u010da i predstoje\u0107e izmjene"},"content":{"rendered":"<h2>Zakon o za\u0161titi potro\u0161a\u010da i rasprave<\/h2>\n<p>Zakon o za\u0161titi potro\u0161a\u010da bit \u0107e podvrgnut izmjenama. Novela zakona \u0107e ve\u0107 postoje\u010di zakon u odre\u0111enim elementina va\u017eno dopunjevati, uz zadr\u017eavanje odre\u0111enih va\u017enih elemenata. Razlog za novost je pretra\u017eivanje u preuzimanju europske direktive donesene i u ujedinjenju regulacije pitanja za\u0161tite potro\u0161a\u010da. Slovenija ima komparativne za\u0161titu potro\u0161a\u010da u odnosu na druge dr\u017eave \u010dlanice EU-a. Poduzetniki koji<strong><a href=\"https:\/\/data.si\/hr\/kratak-vodic-za-otvaranje-firme-u-sloveniji\/\"> otvaraju firme u Sloveniji <\/a><\/strong>i pru\u017ee usluge potro\u0161a\u010dima trebali bi isto znati novosti i izmjene zakona.<\/p>\n<p style=\"text-align: center;\"><span class=\"Y2IQFc\"><a class=\"button\" href=\"https:\/\/data.si\/srb\/obracun-plate-u-sloveniji\/\"><strong>Kalkulator za obra\u010dun plate u Sloveniji<\/strong><\/a><\/span><\/p>\n<h3>Koje se europske direktive novim zakonom prenose u slovensko zakonodavstvo?<\/h3>\n<p>Prva direktiva odnosi se na ugovore o isporuci digitalnog sadr\u017eaja i digitalnih usluga, druga se odnosi na odre\u0111ene aspekte ugovore o prodaji robe, a tre\u0107i o izmjenama odre\u0111enih postoje\u0107ih direktiva s ciljem a\u017euriranja stvarne za\u0161tite potro\u0161a\u010da u EU-u.<\/p>\n<p style=\"text-align: center;\"><a class=\"button\" href=\"https:\/\/data.si\/srb\/kontakt\/\"><strong>ZA VI\u0160E INFORMACIJA O OTVARANJU KOMPANIJE\u00a0 KONTAKTIRAJTE NAS NA +386 64 173 023 (VIBER\/WHATZAPP)<\/strong><\/a><\/p>\n<h3>Zakon o za\u0161titi potro\u0161a\u010da i produ\u017eenje roka za povla\u010denje potro\u0161a\u010da iz ugovora<\/h3>\n<p>Rok za povla\u010denje potro\u0161a\u010da iz ugovora sklopljenog u kontekstu nenaru\u010denih ku\u010dnih posjeta poduze\u0107a ili ekskurzija za promociju robe, se produ\u017eava sa 14\u00a0 na 3o dana kako bi se za\u0161titili ranjive grupe. Pro\u010ditajte i vi\u0161e o <strong><a href=\"https:\/\/data.si\/hr\/internet-kupovina\/\">pravima potro\u0161a\u010da kod internet kupovine<\/a><\/strong>.<\/p>\n<h3>Zakon o za\u0161titi potro\u0161a\u010da i utvr\u0111ivanja maksimalnog iznosa kamata<\/h3>\n<p>Reformiranim zakonom o za\u0161titi potro\u0161a\u010da tako je predvi\u0111en i maksimalni iznos zateznih kamata i podsjetnika. Postoje\u010di va\u017ee\u010d zakon iz stavka 2. \u010dlanka 27. predvi\u0111a da tro\u0161kovi podsjetnika za fizi\u010dke osobe koje kasne ne smiju prelaziti stvarne tro\u0161kove njezine proizvodnje i otpreme. U isto vreme ne smiju prelaziti i visine zateznih kamata. Ako tro\u0161kovi opomene prema\u0161uju iznos zateznih kamata, potro\u0161a\u010d mo\u017ee fakturu reklamirati.<\/p>\n<p style=\"text-align: center;\"><a class=\"button\" href=\"https:\/\/data.si\/srb\/putni-nalog-u-sloveniji-eu-kako-ga-ispravno-popuniti\/\/&quot;\"><strong>Putni nalog u Sloveniji i kako ga popuniti<\/strong><\/a><\/p>\n<h3>\u0160to donosi novi Zakon?<\/h3>\n<p>Internetska tr\u017ei\u0161ta morat \u0107e potro\u0161a\u010du pru\u017eiti dodatne informacije o parametrima za rangiranje ponuda.<br \/>\nSkriveno ogla\u0161avanje i la\u017ene recenzije i preporuke potro\u0161a\u010da bit \u0107e zabranjene. Me\u0111utim, kada nudite popuste,<br \/>\nprethodna minimalna cijena morat \u0107e biti nazna\u010dena tijekom posljednjih 30 dana i sni\u017eena cijena.<\/p>\n<p style=\"text-align: center;\"><a class=\"button\" href=\"https:\/\/data.si\/srb\/dnevnica-u-inostranstvu-i-u-sloveniji-eu-mozemo-ocekivati-veci-iznos\/\/\"><strong>Dnevnica u Sloveniji\/EU<\/strong><\/a><\/p>\n<h3>\u0160to \u0107e novi Zakon zadr\u017eati na snazi?<\/h3>\n<p>Unato\u010d izmjenama donesenim o pravima potro\u0161a\u010da, Zakonom o za\u0161titi potro\u0161a\u010da zadr\u017eava se 45-dnevni popravak proizvoda u slu\u010daju obveznog jamstva na robu. Odr\u017eava se jednogodi\u0161nje obvezno jamstvo proizvo\u0111a\u010da za takozvanu tehni\u010dku robu, \u010dime se potro\u0161a\u010du i besplatno zatra\u017eiti od proizvo\u0111a\u010da ispravak nedostatka u robi. Za takozvanu tehni\u010dku robu, obveza proizvo\u0111a\u010da da pru\u017ea usluge nakon prodaje za pla\u0107anje jo\u0161 tri godine<br \/>\nnakon isteka obveznog jamstva. <span class=\"Y2IQFc\">Vi\u0161e a\u017eurnih informacija o promjenah zakona i poslovanju u Sloveniji a\u017euruno objavljamo i na na\u0161om <span class=\"Y2IQFc\" lang=\"hr\"><strong><a href=\"https:\/\/www.facebook.com\/Data-doo-Osnivanje-firme-706699876048920\/\" target=\"_blank\" rel=\"noopener noreferrer\">Facebooku.<\/a><\/strong>Svaku sedmicu dodatno odr\u017eavamo i besplatne<\/span>\u00a0<span class=\"Y2IQFc\" lang=\"hr\"><strong><a href=\"https:\/\/data.si\/hr\/prijava-na-webinar-sirenje-poslovanja-na-teritorij-slovenije\/\" target=\"_blank\" rel=\"noopener noreferrer\">webinare <\/a><\/strong>o poslovnoj migraciji u Sloveniji.<\/span><\/span><\/p>\n<p>&nbsp;<\/p>\n","protected":false},"excerpt":{"rendered":"<p>Zakon o za\u0161titi potro\u0161a\u010da i rasprave Zakon o za\u0161titi potro\u0161a\u010da bit \u0107e podvrgnut izmjenama. Novela zakona \u0107e ve\u0107 postoje\u010di zakon u odre\u0111enim elementina va\u017eno dopunjevati, uz zadr\u017eavanje odre\u0111enih va\u017enih elemenata. Razlog za novost je pretra\u017eivanje u preuzimanju europske direktive donesene i u ujedinjenju regulacije pitanja za\u0161tite potro\u0161a\u010da. Slovenija ima komparativne za\u0161titu potro\u0161a\u010da u odnosu na [&hellip;]<\/p>\n","protected":false},"author":16,"featured_media":14459,"comment_status":"closed","ping_status":"closed","sticky":false,"template":"","format":"standard","meta":{"footnotes":""},"categories":[1,10],"tags":[109,106,12,1599],"yst_prominent_words":[],"class_list":["post-14452","post","type-post","status-publish","format-standard","has-post-thumbnail","hentry","category-biznis","category-eu","tag-biznis-u-eu","tag-biznis-u-sloveniji","tag-otvaranje-firme-u-sloveniji","tag-zakon-o-zastiti-potrosaca"],"featured_image_src":{"landsacpe":["https:\/\/data.si\/hr\/wp-content\/uploads\/2021\/07\/Zakon-o-zastiti-potrosaca-i-predstojece-izmjene-1140x445.jpg",1140,445,true],"list":["https:\/\/data.si\/hr\/wp-content\/uploads\/2021\/07\/Zakon-o-zastiti-potrosaca-i-predstojece-izmjene-463x348.jpg",463,348,true],"medium":["https:\/\/data.si\/hr\/wp-content\/uploads\/2021\/07\/Zakon-o-zastiti-potrosaca-i-predstojece-izmjene-300x147.jpg",300,147,true],"full":["https:\/\/data.si\/hr\/wp-content\/uploads\/2021\/07\/Zakon-o-zastiti-potrosaca-i-predstojece-izmjene.jpg",1280,628,false]},"_links":{"self":[{"href":"https:\/\/data.si\/hr\/wp-json\/wp\/v2\/posts\/14452","targetHints":{"allow":["GET"]}}],"collection":[{"href":"https:\/\/data.si\/hr\/wp-json\/wp\/v2\/posts"}],"about":[{"href":"https:\/\/data.si\/hr\/wp-json\/wp\/v2\/types\/post"}],"author":[{"embeddable":true,"href":"https:\/\/data.si\/hr\/wp-json\/wp\/v2\/users\/16"}],"replies":[{"embeddable":true,"href":"https:\/\/data.si\/hr\/wp-json\/wp\/v2\/comments?post=14452"}],"version-history":[{"count":7,"href":"https:\/\/data.si\/hr\/wp-json\/wp\/v2\/posts\/14452\/revisions"}],"predecessor-version":[{"id":14533,"href":"https:\/\/data.si\/hr\/wp-json\/wp\/v2\/posts\/14452\/revisions\/14533"}],"wp:featuredmedia":[{"embeddable":true,"href":"https:\/\/data.si\/hr\/wp-json\/wp\/v2\/media\/14459"}],"wp:attachment":[{"href":"https:\/\/data.si\/hr\/wp-json\/wp\/v2\/media?parent=14452"}],"wp:term":[{"taxonomy":"category","embeddable":true,"href":"https:\/\/data.si\/hr\/wp-json\/wp\/v2\/categories?post=14452"},{"taxonomy":"post_tag","embeddable":true,"href":"https:\/\/data.si\/hr\/wp-json\/wp\/v2\/tags?post=14452"},{"taxonomy":"yst_prominent_words","embeddable":true,"href":"https:\/\/data.si\/hr\/wp-json\/wp\/v2\/yst_prominent_words?post=14452"}],"curies":[{"name":"wp","href":"https:\/\/api.w.org\/{rel}","templated":true}]}}