{"id":14349,"date":"2021-07-08T15:49:25","date_gmt":"2021-07-08T13:49:25","guid":{"rendered":"https:\/\/data.si\/hr\/?p=14349"},"modified":"2021-07-28T22:02:55","modified_gmt":"2021-07-28T20:02:55","slug":"socijalno-osiguranje-u-sloveniji","status":"publish","type":"post","link":"https:\/\/data.si\/hr\/socijalno-osiguranje-u-sloveniji\/","title":{"rendered":"Socijalno osiguranje u Sloveniji &#8211; prijava je obavezna!"},"content":{"rendered":"<h2 id=\"tw-target-rmn\" class=\"tw-data-text tw-text-small tw-ta\" dir=\"ltr\"><span class=\"Y2IQFc\">Socijalno osiguranje u Sloveniji je obavezno<\/span><\/h2>\n<p class=\"tw-data-text tw-text-small tw-ta\" dir=\"ltr\"><span class=\"Y2IQFc\">Socijalno osiguranje u Sloveniji je obavezno za zaposlenog. Poslodavac mora u vreme zaklju\u010denja ugovora o radu uvek prijaviti radnika na obavezno socijalno osiguranje. Tako\u0111e ga mora odjaviti kada mu prestane radni odnos. Sve vi\u0161e pojedinaca u ove vreme <strong><a href=\"https:\/\/data.si\/hr\/kratak-vodic-za-otvaranje-firme-u-sloveniji\/\">otvara firmu u Sloveniji<\/a><\/strong>, jer se je ekonomski status i prose\u010dna bruto zarada u Sloveniji u ovoj godini pove\u010dala. Dodatno \u010desto poduzetniki putem osnivanja firme predaju papire za <strong><a href=\"https:\/\/data.si\/hr\/radna-i-boravisna-dozvola-u-sloveniji\/\">dobijanje boravi\u0161ne i radne dozvole<\/a><\/strong>. Putem slovena\u010dke firme i radne dozvole mogu se izvoditi radovi i u drugim dr\u017eavama EU. Za to je va\u0161im radnikom potreban <strong><a href=\"https:\/\/data.si\/srb\/a1-obrazac-i-upucivanje-radnika-na-rad-u-eu\/\">A1 formular za upu\u0107ene radnike.<\/a><\/strong><\/span><\/p>\n<p class=\"tw-data-text tw-text-small tw-ta\" dir=\"ltr\" style=\"text-align: center;\"><span class=\"Y2IQFc\"> <a class=\"button\" href=\"https:\/\/data.si\/srb\/obracun-plate-u-sloveniji\/\"><strong>Kalkulator za obra\u010dun plate u Sloveniji<\/strong><\/a><\/span><\/p>\n<div id=\"tw-container\" class=\"YQaNob\" data-cp=\"1\" data-is-ver=\"false\" data-nnttsvi=\"1\" data-sugg-time=\"500\" data-sugg-url=\"https:\/\/clients1.google.com\/complete\/search\" data-uilc=\"en\">\n<div id=\"tw-ob\" class=\"tw-src-ltr\">\n<div class=\"oSioSc\">\n<div id=\"tw-target\">\n<div id=\"kAz1tf\" class=\"g9WsWb\">\n<div id=\"tw-target-rmn-container\" class=\"tw-target-rmn tw-ta-container F0azHf tw-nfl\">\n<h3 id=\"tw-target-rmn\" class=\"tw-data-text tw-text-small tw-ta\" dir=\"ltr\"><span class=\"Y2IQFc\">Socialno osiguranje u Sloveniji &#8211; kako se prijaviti?<\/span><\/h3>\n<p id=\"tw-target-rmn\" class=\"tw-data-text tw-text-small tw-ta\" dir=\"ltr\"><span class=\"Y2IQFc\">Poslodavci su zakonom du\u017eni da reguli\u0161u registraciju i odjavu i promene podataka za svoje zaposlene. Zaposleni se mora prijaviti na obavezno socijalno osiguranje zaklju\u010denjem posla po <strong><a href=\"https:\/\/data.si\/srb\/ugovor-o-radu-u-sloveniji-eu-saznajte-vise\/\">ugovoru o radu<\/a><\/strong>, ali najkasnije pre po\u010detka rada. Uz prijavu mora biti prilo\u017een ugovor o radu ako se radi o registraciji radnika koji je u ugovornom odnosu. Registracije i odjave mogu se ure\u0111ivati samo elektronskim putem putem sistema eVEM.<\/span><\/p>\n<p dir=\"ltr\" style=\"text-align: center;\"><a class=\"button\" href=\"https:\/\/data.si\/srb\/kontakt\/\"><strong>ZA VI\u0160E INFORMACIJA O OTVARANJU KOMPANIJE\u00a0 KONTAKTIRAJTE NAS NA +386 64 173 023 (VIBER\/WHATZAPP)<\/strong><\/a><\/p>\n<h3 id=\"tw-target-rmn\" class=\"tw-data-text tw-text-small tw-ta\" dir=\"ltr\"><span class=\"Y2IQFc\">Socijalno osiguranje &#8211; prijava za s.p. i ortaka koji je poslovo\u0111a<\/span><\/h3>\n<p class=\"tw-data-text tw-text-small tw-ta\" dir=\"ltr\"><span class=\"Y2IQFc\">Tako\u0111e moraju biti uklju\u010deni u obavezno socijalno osiguranje i samostalni preduzetnici i oratki koji su poslovo\u0111e, ako nisu osigurani po nekom drugom punom radnom vremenu, \u0161to je prioritet. Oboje se moraju prijaviti za obavezno socijalno osiguranje u roku od osam dana od dana nastanka obaveze osiguranja.\u00a0<\/span>Vi\u0161e a\u017eurnih informacija o poslovanju u Sloveniji i promjenah zakona objavljamo i na na\u0161om\u00a0<span class=\"Y2IQFc\" lang=\"hr\"><strong><a href=\"https:\/\/www.facebook.com\/Data-doo-Osnivanje-firme-706699876048920\/\" target=\"_blank\" rel=\"noopener noreferrer\">Facebook-u.<\/a><\/strong>Dodatno svake sedmice razpisujemo nove datume za besplatni<\/span><span class=\"Y2IQFc\" lang=\"hr\">\u00a0<strong><a href=\"https:\/\/data.si\/hr\/prijava-na-webinar-sirenje-poslovanja-na-teritorij-slovenije\/\" target=\"_blank\" rel=\"noopener noreferrer\">webinar <\/a><\/strong>o poslovnoj migraciji u Sloveniji.<\/span><\/p>\n<p dir=\"ltr\" style=\"text-align: center;\"><a class=\"button\" href=\"https:\/\/data.si\/srb\/privremena-boravisna-dozvola-za-clane-porodice-u-sloveniji\/?utm_source=facebook&amp;utm_medium=social&amp;fbclid=IwAR09MbMOJW42K2qP2ida-VqBqZr_4LqqB_4vTPNOrOqBy0ym9btfMxyfIvI\/\/&quot;\"><strong>Privremena boravi\u0161na dozvola u Sloveniji<\/strong><\/a><\/p>\n<\/div>\n<div class=\"iYB33c\">\n<div class=\"dlJLJe\">\n<h3 data-cviv=\"false\" data-ved=\"2ahUKEwiagtPJstPxAhXLo4sKHeGJAhcQz_AEMAB6BAgCEA8\">Koja su obavezna socijalna osiguranja?<\/h3>\n<\/div>\n<\/div>\n<\/div>\n<\/div>\n<\/div>\n<\/div>\n<\/div>\n<div>\n<p class=\"tw-data-text tw-text-small tw-ta\" dir=\"ltr\"><span class=\"Y2IQFc\">Obavezno socijalno osiguranje sastoji se od \u010detiri osiguranja koja se reguli\u0161u kroz jedinstvene oblike. Prijava se obra\u0111uje putem obrasca M-1, obrazac M-2 pogodan je za odjavu, a promene u podacima o osiguranju ure\u0111ene su prema obrascu M-3. Dostavljanje ovih obrazaca zaposlenom obaveza je poslodavca, koja je utvr\u0111ena Zakonom o radnim odnosima (ZDR-1). Ako to ne u\u010dini, preti mu kazna izme\u0111u 750 i 2.000 evra.<\/span><\/p>\n<p dir=\"ltr\">Obavezno socijalno osiguranje pokriva sledec\u0301a osiguranja:<\/p>\n<\/div>\n<div id=\"tw-container\" class=\"YQaNob\" data-cp=\"1\" data-is-ver=\"false\" data-nnttsvi=\"1\" data-sugg-time=\"500\" data-sugg-url=\"https:\/\/clients1.google.com\/complete\/search\" data-uilc=\"en\">\n<div class=\"dURPtb\">\n<ul>\n<li class=\"tw-data-text tw-text-small tw-ta\" dir=\"ltr\"><span class=\"Y2IQFc\">penzijsko i invalidsko osiguranje, <\/span><\/li>\n<li class=\"tw-data-text tw-text-small tw-ta\" dir=\"ltr\"><span class=\"Y2IQFc\">zdravstveno osiguranje,<\/span><\/li>\n<li class=\"tw-data-text tw-text-small tw-ta\" dir=\"ltr\"><span class=\"Y2IQFc\"> osiguranje za roditeljsku negu<\/span><\/li>\n<li class=\"tw-data-text tw-text-small tw-ta\" dir=\"ltr\">osiguranje za slu\u010daj nezaposlenosti<\/li>\n<\/ul>\n<p style=\"text-align: center;\"><a class=\"button\" href=\"https:\/\/data.si\/srb\/delatnost-gradjevine-i-otvaranje-firme-u-sloveniji-eu\/?utm_source=facebook&amp;utm_medium=social&amp;fbclid=IwAR0yebGycdCpFUMiwwi3ygHH44OgHnkEWRWVr17WOYhWoIe5p1iKQwWfWKo\/\/\"><strong>Otvaranje firme za gra\u0111evinu u Sloveniji<\/strong><\/a><\/p>\n<p>&nbsp;<\/p>\n<\/div>\n<div>\n<div><\/div>\n<\/div>\n<\/div>\n<div class=\"KFFQ0c xKf9F\"><\/div>\n","protected":false},"excerpt":{"rendered":"<p>Socijalno osiguranje u Sloveniji je obavezno Socijalno osiguranje u Sloveniji je obavezno za zaposlenog. Poslodavac mora u vreme zaklju\u010denja ugovora o radu uvek prijaviti radnika na obavezno socijalno osiguranje. Tako\u0111e ga mora odjaviti kada mu prestane radni odnos. Sve vi\u0161e pojedinaca u ove vreme otvara firmu u Sloveniji, jer se je ekonomski status i prose\u010dna [&hellip;]<\/p>\n","protected":false},"author":16,"featured_media":14352,"comment_status":"closed","ping_status":"closed","sticky":false,"template":"","format":"standard","meta":{"footnotes":""},"categories":[1,10],"tags":[109,106,12,1593],"yst_prominent_words":[],"class_list":["post-14349","post","type-post","status-publish","format-standard","has-post-thumbnail","hentry","category-biznis","category-eu","tag-biznis-u-eu","tag-biznis-u-sloveniji","tag-otvaranje-firme-u-sloveniji","tag-socijalno-osiguranje"],"featured_image_src":{"landsacpe":["https:\/\/data.si\/hr\/wp-content\/uploads\/2021\/07\/Socijalno-osiguranje-u-Sloveniji-prijava-je-obavezna-800x445.jpg",800,445,true],"list":["https:\/\/data.si\/hr\/wp-content\/uploads\/2021\/07\/Socijalno-osiguranje-u-Sloveniji-prijava-je-obavezna-463x348.jpg",463,348,true],"medium":["https:\/\/data.si\/hr\/wp-content\/uploads\/2021\/07\/Socijalno-osiguranje-u-Sloveniji-prijava-je-obavezna-300x188.jpg",300,188,true],"full":["https:\/\/data.si\/hr\/wp-content\/uploads\/2021\/07\/Socijalno-osiguranje-u-Sloveniji-prijava-je-obavezna.jpg",800,500,false]},"_links":{"self":[{"href":"https:\/\/data.si\/hr\/wp-json\/wp\/v2\/posts\/14349","targetHints":{"allow":["GET"]}}],"collection":[{"href":"https:\/\/data.si\/hr\/wp-json\/wp\/v2\/posts"}],"about":[{"href":"https:\/\/data.si\/hr\/wp-json\/wp\/v2\/types\/post"}],"author":[{"embeddable":true,"href":"https:\/\/data.si\/hr\/wp-json\/wp\/v2\/users\/16"}],"replies":[{"embeddable":true,"href":"https:\/\/data.si\/hr\/wp-json\/wp\/v2\/comments?post=14349"}],"version-history":[{"count":9,"href":"https:\/\/data.si\/hr\/wp-json\/wp\/v2\/posts\/14349\/revisions"}],"predecessor-version":[{"id":14500,"href":"https:\/\/data.si\/hr\/wp-json\/wp\/v2\/posts\/14349\/revisions\/14500"}],"wp:featuredmedia":[{"embeddable":true,"href":"https:\/\/data.si\/hr\/wp-json\/wp\/v2\/media\/14352"}],"wp:attachment":[{"href":"https:\/\/data.si\/hr\/wp-json\/wp\/v2\/media?parent=14349"}],"wp:term":[{"taxonomy":"category","embeddable":true,"href":"https:\/\/data.si\/hr\/wp-json\/wp\/v2\/categories?post=14349"},{"taxonomy":"post_tag","embeddable":true,"href":"https:\/\/data.si\/hr\/wp-json\/wp\/v2\/tags?post=14349"},{"taxonomy":"yst_prominent_words","embeddable":true,"href":"https:\/\/data.si\/hr\/wp-json\/wp\/v2\/yst_prominent_words?post=14349"}],"curies":[{"name":"wp","href":"https:\/\/api.w.org\/{rel}","templated":true}]}}