{"id":14134,"date":"2021-06-08T16:07:13","date_gmt":"2021-06-08T14:07:13","guid":{"rendered":"https:\/\/data.si\/hr\/?p=14134"},"modified":"2021-06-09T10:01:17","modified_gmt":"2021-06-09T08:01:17","slug":"porezna-olaksica-u-sloveniji","status":"publish","type":"post","link":"https:\/\/data.si\/hr\/porezna-olaksica-u-sloveniji\/","title":{"rendered":"Porezna olak\u0161ica u Sloveniji\/EU za zapo\u0161ljavanje radnika"},"content":{"rendered":"<h2 id=\"tw-target-text\" class=\"tw-data-text tw-text-large XcVN5d tw-ta\" dir=\"ltr\" data-placeholder=\"Translation\"><span class=\"Y2IQFc\" lang=\"hr\">Porezna olak\u0161ica u Sloveniji mijenja se za zapo\u0161ljavanje mladih radnika, radnika starijih od 55 godina i radnika sa deficitarnom profesijom<\/span><\/h2>\n<p class=\"tw-data-text tw-text-large XcVN5d tw-ta\" dir=\"ltr\" data-placeholder=\"Translation\"><span class=\"Y2IQFc\" lang=\"hr\">Porezna olak\u0161ica u Sloveniji za zapo\u0161ljavanje promijenit \u0107e se i u ZDDPO-2 i u <a href=\"https:\/\/data.si\/blog\/zdoh-2\/\">Zdoh-2<\/a> od 1. 01. 2022. godine. Istodobno je nova olak\u0161ica za zapo\u0161ljavanje mla\u0111ih od 25 godina dodana u oba predlo\u017eena zakona. Za sve strane gra\u0111ane koje interesuje poslovna migracija i zapo\u0161ljavanje u Sloveniji, prvi korak bi bio <strong><a href=\"https:\/\/data.si\/srb\/kompanija-u-sloveniji\/\" target=\"_blank\" rel=\"noopener noreferrer\">otvaranje firme u Sloveniji<\/a>. <\/strong>Preduzetniki u Sloveniji mogu otvoriti\u00a0<a href=\"https:\/\/data.si\/hr\/tip-kompanije-koje-mozete-otvoriti-u-sloveniji-eu\/\" target=\"_blank\" rel=\"noopener noreferrer\"><strong>razli\u010dite oblike poduze\u0107a<\/strong><\/a>. Izme\u0111u slede\u0107ih se naj\u010de\u0161\u0107e otvara oblik d.o.o. Napokon registracije poduze\u0107a, drugi korak je zapo\u0161ljavanje poejdinaca. <strong><a href=\"https:\/\/data.si\/srb\/zarada-u-sloveniji\/\" target=\"_blank\" rel=\"noopener noreferrer\">Prose\u0107na bruto zarada u Sloveniji <\/a><\/strong>za zaposlene se je je u ovoj godini pove\u010dala.\u00a0<\/span><\/p>\n<p dir=\"ltr\" style=\"text-align: center;\" data-placeholder=\"Translation\"><a class=\"button\" href=\"https:\/\/data.si\/srb\/obracun-plate-u-sloveniji\/\"><strong>Kalkulator za obra\u010dun plate u Sloveniji<\/strong><\/a><\/p>\n<h3 id=\"tw-target-text\" class=\"tw-data-text tw-text-large XcVN5d tw-ta\" dir=\"ltr\" data-placeholder=\"Translation\"><span class=\"Y2IQFc\" lang=\"hr\">Porezna olak\u0161ica u Sloveniji za zapo\u0161ljavanje osoba mla\u0111ih od 29 godina i starijih od 55 godina <\/span><\/h3>\n<p class=\"tw-data-text tw-text-large XcVN5d tw-ta\" dir=\"ltr\" data-placeholder=\"Translation\"><span class=\"Y2IQFc\" lang=\"hr\">Porezni obveznici mogu zahtijevati smanjenje osnovice poreza na zaposlenje ako zaposle novu osobu. Zapo\u0161ljavanje mora biti na neodre\u0111eno vrijeme, a ukupan broj zaposlenih tijekom poreznog razdoblja mora se pove\u0107avati sa zapo\u0161ljavanjem. \u010cini krajem 2021. godine porezna olak\u0161ica za zapo\u0161ljavanje odnosi se na zapo\u0161ljavanje osoba mla\u0111ih od 26 godina (sada 29 godina) ili osobe starije od 55 godina. Osloba\u0111anje se mo\u017ee zahtijevati za prva 24 mjeseca zaposlenja ovih osoba u poreznoj godini zapo\u0161ljavanje i naredne porezne godine do isteka 24 mjeseca. Iznos olak\u0161ice iznosi 45% pla\u0107e te osobe.<\/span><\/p>\n<p dir=\"ltr\" style=\"text-align: center;\" data-placeholder=\"Translation\"><a class=\"button\" href=\"https:\/\/data.si\/srb\/dnevnica-u-inostranstvu-i-u-sloveniji-eu-mozemo-ocekivati-veci-iznos\/\/\"><strong>Dnevnica u Sloveniji\/EU<\/strong><\/a><\/p>\n<h3 id=\"tw-target-text\" class=\"tw-data-text tw-text-large XcVN5d tw-ta\" dir=\"ltr\" data-placeholder=\"Translation\"><span class=\"Y2IQFc\" lang=\"hr\">Zapo\u0161ljavanje osoba sa deficitarnom profesijom i porezne olak\u0161ice<\/span><\/h3>\n<p class=\"tw-data-text tw-text-large XcVN5d tw-ta\" dir=\"ltr\" data-placeholder=\"Translation\"><span class=\"Y2IQFc\" lang=\"hr\">Porezna olak\u0161ica dolazit\u0107e u obzir isto kad su u pitanju deficitarne profesije. Novost \u0107e biti da \u0107e firme mo\u0107i smanjiti porez zapo\u0161ljavanjem ljudi koji imaju deficitarnu profesiju. Naravno, o\u010dekujemo da \u0107e popis biti pravodobno objavljen, u suprotnom neki od njih, prema podacima Zavoda za zapo\u0161ljavanje Slovenije, navedeni su u nastavku: <\/span><\/p>\n<ul>\n<li class=\"tw-data-text tw-text-large XcVN5d tw-ta\" dir=\"ltr\" data-placeholder=\"Translation\"><span class=\"Y2IQFc\" lang=\"hr\">Kuhar,<\/span><\/li>\n<li class=\"tw-data-text tw-text-large XcVN5d tw-ta\" dir=\"ltr\" data-placeholder=\"Translation\"><span class=\"Y2IQFc\" lang=\"hr\">Konobar, <\/span><\/li>\n<li class=\"tw-data-text tw-text-large XcVN5d tw-ta\" dir=\"ltr\" data-placeholder=\"Translation\"><span class=\"Y2IQFc\" lang=\"hr\">Bravar,<\/span><\/li>\n<li class=\"tw-data-text tw-text-large XcVN5d tw-ta\" dir=\"ltr\" data-placeholder=\"Translation\"><span class=\"Y2IQFc\" lang=\"hr\"> Slikar<\/span><\/li>\n<li class=\"tw-data-text tw-text-large XcVN5d tw-ta\" dir=\"ltr\" data-placeholder=\"Translation\"><span class=\"Y2IQFc\" lang=\"hr\">Instalater hardvera <\/span><\/li>\n<li class=\"tw-data-text tw-text-large XcVN5d tw-ta\" dir=\"ltr\" data-placeholder=\"Translation\"><span class=\"Y2IQFc\" lang=\"hr\">Zavariva\u010d <\/span><\/li>\n<li class=\"tw-data-text tw-text-large XcVN5d tw-ta\" dir=\"ltr\" data-placeholder=\"Translation\"><span class=\"Y2IQFc\" lang=\"hr\">Graditelj <\/span><\/li>\n<li class=\"tw-data-text tw-text-large XcVN5d tw-ta\" dir=\"ltr\" data-placeholder=\"Translation\"><span class=\"Y2IQFc\" lang=\"hr\">Voza\u010d te\u0161kih kamiona<\/span><\/li>\n<\/ul>\n<div id=\"tw-container\" class=\"YQaNob\" data-cp=\"1\" data-is-ver=\"false\" data-nnttsvi=\"1\" data-sm=\"1\" data-sugg-time=\"500\" data-sugg-url=\"https:\/\/clients1.google.com\/complete\/search\" data-uilc=\"en\">\n<div id=\"tw-ob\" class=\"tw-src-ltr\">\n<div class=\"oSioSc\">\n<div id=\"tw-target\">\n<div id=\"kAz1tf\" class=\"g9WsWb\">\n<div id=\"tw-target-text-container\" class=\"tw-ta-container hide-focus-ring tw-nfl\" tabindex=\"0\">\n<p id=\"tw-target-text\" class=\"tw-data-text tw-text-large XcVN5d tw-ta\" dir=\"ltr\" data-placeholder=\"Translation\"><span class=\"Y2IQFc\" lang=\"hr\">Porezna olak\u0161ica za zapo\u0161ljavanje ovih osoba iznosit \u0107e 45% njihove pla\u0107e za prva 24 mjeseca zaposlenja. Pojedinaci koji obavljaju deficitarnu profesiju mogu se zaposliti bez <strong><a href=\"https:\/\/data.si\/srb\/zaposljavanje-stranih-gradjanina-bez-kontrole-trzista-rada-u-sloveniji-eu\/\" target=\"_blank\" rel=\"noopener noreferrer\">kontrole tr\u017ei\u0161ta rada.<\/a><\/strong><\/span><\/p>\n<p dir=\"ltr\" style=\"text-align: center;\" data-placeholder=\"Translation\"><a class=\"button\" href=\"https:\/\/data.si\/srb\/kontakt\/\"><strong>ZA VI\u0160E INFORMACIJA O OTVARANJU KOMPANIJE\u00a0 KONTAKTIRAJTE NAS NA +386 64 173 023 (VIBER\/WHATZAPP)<\/strong><\/a><\/p>\n<h3 id=\"tw-target-text\" class=\"tw-data-text tw-text-large XcVN5d tw-ta\" dir=\"ltr\" data-placeholder=\"Translation\"><span class=\"Y2IQFc\" lang=\"hr\">Olak\u0161ice se me\u0111usobno isklju\u010duju! <\/span><\/h3>\n<p class=\"tw-data-text tw-text-large XcVN5d tw-ta\" dir=\"ltr\" data-placeholder=\"Translation\"><span class=\"Y2IQFc\" lang=\"hr\">Dalje treba naglasiti da se svi gore navedeni reljefi me\u0111usobno isklju\u010duju. To zna\u010di ako je pogodnost koja se koristi za zapo\u0161ljavanje osobe mla\u0111e od 25 godina, firma je ne mo\u017ee dalje koristiti za\u00a0 porezne olak\u0161ice za zapo\u0161ljavanje osoba s deficitarnom profesijom.<\/span><\/p>\n<p dir=\"ltr\" style=\"text-align: center;\" data-placeholder=\"Translation\"><a class=\"button\" href=\"https:\/\/data.si\/srb\/putni-nalog-u-sloveniji-eu-kako-ga-ispravno-popuniti\/\/&quot;\"><strong>Putni nalog u Sloveniji i kako ga popuniti<\/strong><\/a><\/p>\n<h3 dir=\"ltr\" data-placeholder=\"Translation\">Porezna olak\u0161ica za invalide ostaje nepromijenjena<\/h3>\n<\/div>\n<div id=\"tw-target-rmn-container\" class=\"tw-target-rmn tw-ta-container hide-focus-ring tw-nfl\">\n<p class=\"tw-data-text tw-text-large XcVN5d tw-ta\" dir=\"ltr\" data-placeholder=\"Translation\"><span class=\"Y2IQFc\" lang=\"hr\">Porezna olak\u0161ica za zapo\u0161ljavanje invalida ne mijenja se od 2022. godine, pa ostaje ista. Poreznici imaju mogu\u0107nost smanjenja poreza uz ovu olak\u0161icu, ako zapo\u0161ljavaju osobu s invaliditetom: 50% pla\u0107e zaposlenika s invaliditetom ili 70% pla\u0107e ako se radi o osobi sa 100% tjelesnim invaliditetom i gluhoj osobi. Za vi\u0161e novosti pratite i na\u0161 <span class=\"Y2IQFc\"><strong><a href=\"https:\/\/www.facebook.com\/Data-doo-Osnivanje-firme-706699876048920\/\">Facebook. <\/a><\/strong><\/span><span class=\"Y2IQFc\">Tako\u0111e mo\u017eete da se prijavite i na na\u0161e besplatne <strong><a href=\"https:\/\/data.si\/hr\/prijava-na-webinar-sirenje-poslovanja-na-teritorij-slovenije\/\" target=\"_blank\" rel=\"noopener noreferrer\">webinare<\/a><\/strong> o <strong><a href=\"https:\/\/data.si\/hr\/poslovna-migracija-u-sloveniju-eu-saznajte-vise\/\" target=\"_blank\" rel=\"noopener noreferrer\">poslovnoj migraciji<\/a><\/strong> u Sloveniju.<\/span><\/span><\/p>\n<\/div>\n<div class=\"iYB33c\">\n<div class=\"dlJLJe\">\n<div data-cviv=\"false\" data-ved=\"2ahUKEwjkiuni-4fxAhUZBxAIHffzCMQQz_AEMAB6BAgCEA8\">\n<div class=\"U9URNb\"><\/div>\n<\/div>\n<\/div>\n<div id=\"tw-tmenu\" class=\"tw-menu\"><\/div>\n<\/div>\n<\/div>\n<\/div>\n<\/div>\n<\/div>\n<div id=\"tw-images\"><\/div>\n<div class=\"dURPtb\"><\/div>\n<div>\n<div><\/div>\n<\/div>\n<\/div>\n<p dir=\"ltr\" data-placeholder=\"Translation\">\n","protected":false},"excerpt":{"rendered":"<p>Porezna olak\u0161ica u Sloveniji mijenja se za zapo\u0161ljavanje mladih radnika, radnika starijih od 55 godina i radnika sa deficitarnom profesijom Porezna olak\u0161ica u Sloveniji za zapo\u0161ljavanje promijenit \u0107e se i u ZDDPO-2 i u Zdoh-2 od 1. 01. 2022. godine. Istodobno je nova olak\u0161ica za zapo\u0161ljavanje mla\u0111ih od 25 godina dodana u oba predlo\u017eena zakona. [&hellip;]<\/p>\n","protected":false},"author":16,"featured_media":14138,"comment_status":"closed","ping_status":"closed","sticky":false,"template":"","format":"standard","meta":{"footnotes":""},"categories":[1,10],"tags":[109,106,1173,1581],"yst_prominent_words":[],"class_list":["post-14134","post","type-post","status-publish","format-standard","has-post-thumbnail","hentry","category-biznis","category-eu","tag-biznis-u-eu","tag-biznis-u-sloveniji","tag-otvaranje-kompanije-u-sloveniji","tag-porezna-olaksica-u-sloveniji"],"featured_image_src":{"landsacpe":["https:\/\/data.si\/hr\/wp-content\/uploads\/2021\/06\/Porezna-olak\u0161ica-u-SlovenijiEU-i-zapo\u0161ljavanje-radnika-800x445.jpg",800,445,true],"list":["https:\/\/data.si\/hr\/wp-content\/uploads\/2021\/06\/Porezna-olak\u0161ica-u-SlovenijiEU-i-zapo\u0161ljavanje-radnika-463x348.jpg",463,348,true],"medium":["https:\/\/data.si\/hr\/wp-content\/uploads\/2021\/06\/Porezna-olak\u0161ica-u-SlovenijiEU-i-zapo\u0161ljavanje-radnika-300x188.jpg",300,188,true],"full":["https:\/\/data.si\/hr\/wp-content\/uploads\/2021\/06\/Porezna-olak\u0161ica-u-SlovenijiEU-i-zapo\u0161ljavanje-radnika.jpg",800,500,false]},"_links":{"self":[{"href":"https:\/\/data.si\/hr\/wp-json\/wp\/v2\/posts\/14134","targetHints":{"allow":["GET"]}}],"collection":[{"href":"https:\/\/data.si\/hr\/wp-json\/wp\/v2\/posts"}],"about":[{"href":"https:\/\/data.si\/hr\/wp-json\/wp\/v2\/types\/post"}],"author":[{"embeddable":true,"href":"https:\/\/data.si\/hr\/wp-json\/wp\/v2\/users\/16"}],"replies":[{"embeddable":true,"href":"https:\/\/data.si\/hr\/wp-json\/wp\/v2\/comments?post=14134"}],"version-history":[{"count":14,"href":"https:\/\/data.si\/hr\/wp-json\/wp\/v2\/posts\/14134\/revisions"}],"predecessor-version":[{"id":14150,"href":"https:\/\/data.si\/hr\/wp-json\/wp\/v2\/posts\/14134\/revisions\/14150"}],"wp:featuredmedia":[{"embeddable":true,"href":"https:\/\/data.si\/hr\/wp-json\/wp\/v2\/media\/14138"}],"wp:attachment":[{"href":"https:\/\/data.si\/hr\/wp-json\/wp\/v2\/media?parent=14134"}],"wp:term":[{"taxonomy":"category","embeddable":true,"href":"https:\/\/data.si\/hr\/wp-json\/wp\/v2\/categories?post=14134"},{"taxonomy":"post_tag","embeddable":true,"href":"https:\/\/data.si\/hr\/wp-json\/wp\/v2\/tags?post=14134"},{"taxonomy":"yst_prominent_words","embeddable":true,"href":"https:\/\/data.si\/hr\/wp-json\/wp\/v2\/yst_prominent_words?post=14134"}],"curies":[{"name":"wp","href":"https:\/\/api.w.org\/{rel}","templated":true}]}}