{"id":13985,"date":"2021-05-15T09:02:10","date_gmt":"2021-05-15T07:02:10","guid":{"rendered":"https:\/\/data.si\/hr\/?p=13985"},"modified":"2021-05-20T13:25:40","modified_gmt":"2021-05-20T11:25:40","slug":"skraceno-radno-vrijeme-u-sloveniji","status":"publish","type":"post","link":"https:\/\/data.si\/hr\/skraceno-radno-vrijeme-u-sloveniji\/","title":{"rendered":"Skra\u0107eno radno vrijeme u Sloveniji\/EU"},"content":{"rendered":"<h2>Skra\u0107eno radno vrijeme u Sloveniji\/EU &#8211; ugovor o radu<\/h2>\n<p>Skra\u0107eno radno vrijeme u <strong><a href=\"https:\/\/data.si\/srb\/republika-slovenija-zemlja-poslovnih-prilika\/\">Sloveniji<\/a> <\/strong>je oblika zapo\u0161ljenja gde se radi manje od 40 sata nedeljno. Radnik koji je sklopio <strong><a href=\"https:\/\/data.si\/srb\/ugovor-o-radu-u-sloveniji-eu-saznajte-vise\/\">ugovor o radu<\/a><\/strong> na skra\u0107eno radno vrijeme ima prava i obaveze koje proisti\u010du iz radnog odnosa kao radnik sa punim radnim vremenom. Razlika je u tome da jih zaposlenik na skra\u0107eno radno vrjeme ostvaruje relativno vremenu za koje je sklopio ugovor o radu.<\/p>\n<p style=\"text-align: center;\"><a class=\"button\" href=\"https:\/\/data.si\/srb\/obracun-plate-u-sloveniji\/\"><strong>Kalkulator za obra\u010dun plate u Sloveniji<\/strong><\/a><\/p>\n<h3>Skra\u0107eno radno vrijeme u Sloveniji i pravo na odmor i regres<\/h3>\n<p>Radnik ima pravo na <strong><a href=\"https:\/\/data.si\/srb\/godisnji-odmor-u-sloveniji-eu-maksimalni-iznos\/\">godi\u0161nji odmor<\/a><\/strong> od najmanje \u010detiri tjedna ako radi najmanje pet dana. Me\u0111utim, dodatni dani godi\u0161njeg odmora moraju mu pripadati. Na osnovi primjenjivog kolektivnog\u00a0 ugovora ili internog akta poslodavca. Me\u0111utim, radnik s skra\u0107enim radnim vrijemenom ostvaruje svoje pravo na naknadu razmjerno radnom vrijemenu. Ako radnik radi na skra\u0107eno radno vrijeme, ima pravo na pomo\u0107 na skra\u0107eno radno vrijeme.<\/p>\n<p>Radnici s skra\u0107enim radnim vremenom imaju i osnovne dodatke na pla\u0107u kao \u0161to su naknada za <strong><a href=\"https:\/\/data.si\/hr\/prekovremeni-rad-u-sloveniji-eu-kako-se-regulise\/\">prekovremeni rad<\/a><\/strong> o\u0107ni rad, naknada za rad nedjeljom, naknada za rad na odmor itd.<\/p>\n<p style=\"text-align: center;\"><a class=\"button\" href=\"https:\/\/data.si\/srb\/kontakt\/\"><strong>ZA VI\u0160E INFORMACIJA O OTVARANJU KOMPANIJE\u00a0 KONTAKTIRAJTE NAS NA +386 30 640 995 (VIBER\/WHATZAPP)<\/strong><\/a><\/p>\n<h3>Skra\u0107eno radno vreme &#8211; hrana i prijevoz<\/h3>\n<p>Poslodavac je du\u017ean platiti te tro\u0161kove u cijelosti, bez obzira na oblik zaposlenja radnika. Ako radnik radi isti broj dana kao i puno radno vrijeme, mora obaviti isti broj putovanja i, naravno, to ne utje\u010de na rad s skra\u0107enim radnim vremenom.<\/p>\n<p style=\"text-align: center;\"><a class=\"button\" href=\"https:\/\/data.si\/srb\/putni-nalog-u-sloveniji-eu-kako-ga-ispravno-popuniti\/\/&quot;\"><strong>Putni nalog u Sloveniji i kako ga popuniti<\/strong><\/a><\/p>\n<h3>Mirovina i sta\u017e u slu\u010daju skra\u0107enog radnog vrijemena<\/h3>\n<p>Zakonskom osnovom predvi\u0111eno je puno radno vrijeme (40 sati tjedno) za 12 mjeseci <strong><a href=\"https:\/\/data.si\/srb\/penzija-u-sloveniji-eu-kada-cete-imati-pravo-na-nju-i-kolika-ce-biti\/\">mirovinskog sta\u017ea<\/a><\/strong>. U slu\u010daju rada na skra\u0107eno radno vrijeme se razmatra proporcionalno mirovinsko razdoblje. Stoga, ako je radnik zaposlen na nepuno radno vrijeme, odobrava mu se 6 mjeseci mirovinskog sta\u017ea u roku od jedne godine.<\/p>\n<p>Skra\u0107eno radno vrijeme, smatrat \u0107e se punim razdobljem, a ne samo polovicom, za potrebe obra\u010duna <strong><a href=\"https:\/\/data.si\/hr\/dodatak-na-radni-staz-u-sloveniji-eu\/\">dodataka za radni sta\u017e<\/a><\/strong>. Isto vrijedi i za brojanje sta\u017ea za isplatu <strong><a href=\"https:\/\/data.si\/hr\/jubilarne-nagrade-u-sloveniji-eu-kada-kome-i-koliko\/\">jubilarne nagrade<\/a><\/strong>.<\/p>\n<p style=\"text-align: center;\"><a class=\"button\" href=\"https:\/\/data.si\/srb\/dnevnica-u-inostranstvu-i-u-sloveniji-eu-mozemo-ocekivati-veci-iznos\/\/\"><strong>Dnevnica u Sloveniji\/EU<\/strong><\/a><\/p>\n<h3>Posebni slu\u010dajevi<\/h3>\n<p>Radnik s skra\u0107enim radnim vremenom ima pravo na naknade za <strong><a href=\"https:\/\/data.si\/srb\/doprinosi-za-socijalno-osiguranje-za-samostalnog-preduzetnika-i-d-o-o-u-sloveniji-eu\/\">socijalno osiguranje<\/a><\/strong> kao da radi puno radno vrijeme ako je radio na skra\u0107eno radno vrijeme u podru\u010dju roditeljstva ili invaliditeta.<\/p>\n<h3>Sklapanje ugovora na skra\u0107eno radno vrijeme s nekoliko poslodavaca<\/h3>\n<p>Radnik mo\u017ee sklopiti ugovor o radu na skra\u0107eno radno vrijeme s nekoliko poslodavaca. Tim putem bi ostvario posao s punim radnim vremenom predvi\u0111en zakonom. Radnik se mora dogovoriti s poslodavcima o radnom vremenu. Dodatno i o tome kako uzeti godi\u0161nji odmor i o drugim izostancima s posla.<\/p>\n<p>Da bi saznali vi\u0161e o zapo\u0161ljavanju stranih gra\u0111ana i pokretanju va\u0161e poslovne ideje u Sloveniji mo\u017eete se prijaviti i na na\u0161 <strong><a href=\"https:\/\/data.si\/hr\/prijava-na-webinar-sirenje-poslovanja-na-teritorij-slovenije\/\">webinar<\/a><\/strong> o\u00a0<strong><a href=\"https:\/\/data.si\/hr\/poslovna-migracija-u-sloveniju-eu-saznajte-vise\/\">poslovnoj migraciji<\/a><\/strong> . Tako\u0111e mo\u017eete nas pratiti i na <strong><a href=\"https:\/\/www.facebook.com\/Data-doo-Osnivanje-firme-706699876048920\/\">Facebook-u<\/a><\/strong>.<\/p>\n<p>&nbsp;<\/p>\n","protected":false},"excerpt":{"rendered":"<p>Skra\u0107eno radno vrijeme u Sloveniji\/EU &#8211; ugovor o radu Skra\u0107eno radno vrijeme u Sloveniji je oblika zapo\u0161ljenja gde se radi manje od 40 sata nedeljno. Radnik koji je sklopio ugovor o radu na skra\u0107eno radno vrijeme ima prava i obaveze koje proisti\u010du iz radnog odnosa kao radnik sa punim radnim vremenom. Razlika je u tome [&hellip;]<\/p>\n","protected":false},"author":16,"featured_media":13991,"comment_status":"closed","ping_status":"closed","sticky":false,"template":"","format":"standard","meta":{"footnotes":""},"categories":[1,10],"tags":[109,106,1173],"yst_prominent_words":[],"class_list":["post-13985","post","type-post","status-publish","format-standard","has-post-thumbnail","hentry","category-biznis","category-eu","tag-biznis-u-eu","tag-biznis-u-sloveniji","tag-otvaranje-kompanije-u-sloveniji"],"featured_image_src":{"landsacpe":["https:\/\/data.si\/hr\/wp-content\/uploads\/2021\/05\/Skra\u0107eno-radno-vrijeme-u-SlovenijiEU-800x445.jpg",800,445,true],"list":["https:\/\/data.si\/hr\/wp-content\/uploads\/2021\/05\/Skra\u0107eno-radno-vrijeme-u-SlovenijiEU-463x348.jpg",463,348,true],"medium":["https:\/\/data.si\/hr\/wp-content\/uploads\/2021\/05\/Skra\u0107eno-radno-vrijeme-u-SlovenijiEU-300x188.jpg",300,188,true],"full":["https:\/\/data.si\/hr\/wp-content\/uploads\/2021\/05\/Skra\u0107eno-radno-vrijeme-u-SlovenijiEU.jpg",800,500,false]},"_links":{"self":[{"href":"https:\/\/data.si\/hr\/wp-json\/wp\/v2\/posts\/13985","targetHints":{"allow":["GET"]}}],"collection":[{"href":"https:\/\/data.si\/hr\/wp-json\/wp\/v2\/posts"}],"about":[{"href":"https:\/\/data.si\/hr\/wp-json\/wp\/v2\/types\/post"}],"author":[{"embeddable":true,"href":"https:\/\/data.si\/hr\/wp-json\/wp\/v2\/users\/16"}],"replies":[{"embeddable":true,"href":"https:\/\/data.si\/hr\/wp-json\/wp\/v2\/comments?post=13985"}],"version-history":[{"count":7,"href":"https:\/\/data.si\/hr\/wp-json\/wp\/v2\/posts\/13985\/revisions"}],"predecessor-version":[{"id":14014,"href":"https:\/\/data.si\/hr\/wp-json\/wp\/v2\/posts\/13985\/revisions\/14014"}],"wp:featuredmedia":[{"embeddable":true,"href":"https:\/\/data.si\/hr\/wp-json\/wp\/v2\/media\/13991"}],"wp:attachment":[{"href":"https:\/\/data.si\/hr\/wp-json\/wp\/v2\/media?parent=13985"}],"wp:term":[{"taxonomy":"category","embeddable":true,"href":"https:\/\/data.si\/hr\/wp-json\/wp\/v2\/categories?post=13985"},{"taxonomy":"post_tag","embeddable":true,"href":"https:\/\/data.si\/hr\/wp-json\/wp\/v2\/tags?post=13985"},{"taxonomy":"yst_prominent_words","embeddable":true,"href":"https:\/\/data.si\/hr\/wp-json\/wp\/v2\/yst_prominent_words?post=13985"}],"curies":[{"name":"wp","href":"https:\/\/api.w.org\/{rel}","templated":true}]}}