{"id":13884,"date":"2021-04-29T15:34:30","date_gmt":"2021-04-29T13:34:30","guid":{"rendered":"https:\/\/data.si\/hr\/?p=13884"},"modified":"2021-04-29T15:34:30","modified_gmt":"2021-04-29T13:34:30","slug":"poslovni-prostor-u-sloveniji-eu-i-iznajmjljivanje-na-sta-obratiti-paznju","status":"publish","type":"post","link":"https:\/\/data.si\/hr\/poslovni-prostor-u-sloveniji-eu-i-iznajmjljivanje-na-sta-obratiti-paznju\/","title":{"rendered":"Poslovni prostor u Sloveniji\/EU i iznajmjljivanje- na \u0161ta obratiti pa\u017enju?"},"content":{"rendered":"<p>Poslovni prostor predstavlja jedan od klju\u010dnih delova poslovanja <strong><a href=\"https:\/\/data.si\/hr\/tipovi-kompanija-koje-mozete-otvoriti-u-sloveniji-eu\/\">preduze\u0107a<\/a><\/strong>. Velika ve\u0107ina malih poduze\u0107a i <strong><a href=\"https:\/\/data.si\/hr\/samostalni-poduzetnik-i-pausalno-oporezivanje-u-sloveniji\/\">samostalnih poduzetnika<\/a><\/strong> ne mo\u017ee kupiti poslovni prostor. Zbog toga jih iznajmljivaju na odre\u0111en ili neodre\u0111en period.<\/p>\n<p style=\"text-align: center;\"><a class=\"button\" href=\"https:\/\/data.si\/srb\/obracun-plate-u-sloveniji\/\"><strong>Kalkulator za obra\u010dun plate u Sloveniji<\/strong><\/a><\/p>\n<h2>Poslovni prostor \u2013 pravni aspekt iznajmljivanja<\/h2>\n<p>Iznajmljivanje poslovnog prostora regulisano je <a href=\"http:\/\/pisrs.si\/Pis.web\/pregledPredpisa?id=ZAKO127\">Zakonom o poslovnim zgradama i poslovnom prostoru.<\/a> Ugovor o iznajmljivanju poslovnog prostora mora biti zaklju\u010den u pismenoj formi, jer \u0107e u suprotnom biti neva\u017ee\u0107i.<\/p>\n<p>Ugovor o zakupu zaklju\u010den na fiksni period od strane zakupodavca i zakupnika isti\u010de na datum naveden u ugovoru. Ne mo\u017ee se poni\u0161titi unapred, mo\u017ee prestati samo raskidom ugovora kao rezultat priznanja krivice.<\/p>\n<p style=\"text-align: center;\"><a class=\"button\" href=\"https:\/\/data.si\/hr\/kontakt\/\/\"><strong>ZA VI\u0160E INFORMACIJA O OTVARANJU KOMPANIJE\u00a0 KONTAKTIRAJTE NAS NA +386 64 173 023 (VIBER\/WHATZAPP)<\/strong><\/a><\/p>\n<h2>Poslovni prostor i ugovor o iznajmljivanju<\/h2>\n<p>Poslovni prostor sa ugovorom o zakupu na odre\u0111eno ili neodre\u0111eno vreme bi\u0107e otkazan ugovornim obave\u0161tenjem. Slede\u0107e ne sme biti\u00a0 manje od godinu dana.<\/p>\n<p>Ukoliko zakupnik nastavi da koristi poslovni prostor uprkos isteku ugovora, a zakupodavac u periodu od mesac dana na nadle\u017enom sudu ne podnosi nalog za pra\u017enjenje poslovnog prostora, smatra se da \u0107e ugovor biti obnovljen na neodre\u0111eno vreme.<\/p>\n<p>Strane se u svakom trenutku mogu slo\u017eiti da ugovor o zakupu isti\u010de.<\/p>\n<p style=\"text-align: center;\"><a class=\"button\" href=\"https:\/\/data.si\/srb\/putni-nalog-u-sloveniji-eu-kako-ga-ispravno-popuniti\/\/&quot;\"><strong>Putni nalog u Sloveniji i kako ga popuniti<\/strong><\/a><\/p>\n<h2>Prava i obaveze zakupnika<\/h2>\n<p>Poslovni prostor koji zakupnik zakupi mora da bude u skladu sa ugovornim ugovorom, jer u suprotnom zakupnik ima pravo na naknadu. Ukoliko je u lo\u0161em stanju, zakupodavac mora da organizuje popravke u razumnom vremenskom periodu ako umanjeno primeti gre\u0161ke unapred. Ako gre\u0161ke nisu ispravljene, zakupnik mo\u017ee da se povu\u010de iz ugovora ili da sam izvr\u0161i popravke, tra\u017ee\u0107i nadoknadu ili pla\u0107anje kirije. Pored toga, on mo\u017ee da tra\u017ei nadoknadu za pretrpljenu \u0161tetu.<\/p>\n<p style=\"text-align: center;\"><a class=\"button\" href=\"https:\/\/data.si\/srb\/zaposljavanje-stranaca-u-sloveniji-eu-novosti\/\/\"><strong>Zapo\u0161ljavanje stranaca u Sloveniji<\/strong><\/a><\/p>\n<h2>Zakupnik odgovara za \u0161teto u vreme zakupa prostora<\/h2>\n<p>Prostor koji zakupnik zakupi mo\u017ee se koristiti samo u svrhu navedenu u ugovoru i ne sme biti podzakup bez saglasnosti zakupodavca. Tako\u0111e \u0107e biti odgovoran za bilo kakvu \u0161tetu nastalu u prostoru tokom kori\u0161\u0107enja.<\/p>\n<p>Pored iznajmljivanja, zakupnik je du\u017ean da za poslovni prostor plati i druge tro\u0161kove vezane za kori\u0161\u0107enje poslovnog prostora, kao \u0161to su struja, grejanje i sli\u010dno.<\/p>\n<h2>Zakup poslovnog prostora tokom pandemije<\/h2>\n<p>Iznajmljivanje poslovnog prostora preduze\u0107a kojemu je zbog pandemije onemogo\u010deno ili deoma ograni\u010deno obavljanje delatnosti, pru\u017ea PKP7 slede\u0107e mogu\u0107nosti:<\/p>\n<ul>\n<li>bez obzira na odredbe Zakona o poslovnim zgradama i poslovnom prostoru, zakupac mo\u017ee raskinuti ugovor o zakupu. Sa pisanom deklaracijom uz obave\u0161tenje od 8 dana;<\/li>\n<li>zakupac mo\u017ee zatra\u017eiti odlaganje pla\u0107anja obaveze zakupa (iznajmljivanje i sve druge uplate povezane sa iznajmljivanjem poslovnog prostora, koje se, prema ugovoru o zakupu, ra\u010dunaju u iznosu zakupa);<\/li>\n<li>zakupac mo\u017ee zahtevati produ\u017eenje va\u017eenja ugovora sklopljenog\u00a0 na odre\u0111eno vreme.<\/li>\n<\/ul>\n<h2 dir=\"ltr\">Otvarate kompaniju u Sloveniji\/EU?<\/h2>\n<div class=\"iYB33c\">\n<p class=\"tw-data-text tw-text-small tw-ta\" dir=\"ltr\">Za podr\u0161ku kontaktirajte DATA! Da li planirate da zapo\u010dnete posao u Evropi? Izaberite Sloveniju! \u017delite li otvoriti kompaniju u Sloveniji i ne znate \u0161ta vam je potrebno za registraciju? Pro\u010ditajte \u0161ta vam je neophodno za <strong><a href=\"https:\/\/data.si\/srb\/kratka-lista-sta-je-potrebno-za-otvaranje-firme-u-sloveniji\/\">otvaranje kompanije<\/a><\/strong>ili nam po\u0161aljite e-mail na <strong><a href=\"mailto:data@data.si\">data@data.si<\/a><\/strong>. Tako\u0111e nas mo\u017eete pozvati na +386 1 6006 274 (na\u0161 fiksni telefon) i Viber \/ Whatsapp +386 64 173 023. Pratite nas i na <strong><a href=\"https:\/\/www.facebook.com\/Data-doo-Osnivanje-firme-706699876048920\/\">Facebook-u<\/a><\/strong>. Za vi\u0161e informacija o otvaranju kompanije preporu\u010dili bismo vam da se prijavite na na\u0161 besplatni<strong><a href=\"https:\/\/data.si\/hr\/prijava-na-webinar-sirenje-poslovanja-na-teritorij-slovenije\/\"> webinar<\/a><\/strong> o <strong><a href=\"https:\/\/data.si\/hr\/poslovna-migracija-u-sloveniju-eu-saznajte-vise\/\">poslovni migraciji<\/a><\/strong> u Sloveniju.<\/p>\n<\/div>\n<p>&nbsp;<\/p>\n","protected":false},"excerpt":{"rendered":"<p>Poslovni prostor predstavlja jedan od klju\u010dnih delova poslovanja preduze\u0107a. Velika ve\u0107ina malih poduze\u0107a i samostalnih poduzetnika ne mo\u017ee kupiti poslovni prostor. Zbog toga jih iznajmljivaju na odre\u0111en ili neodre\u0111en period. Kalkulator za obra\u010dun plate u Sloveniji Poslovni prostor \u2013 pravni aspekt iznajmljivanja Iznajmljivanje poslovnog prostora regulisano je Zakonom o poslovnim zgradama i poslovnom prostoru. Ugovor [&hellip;]<\/p>\n","protected":false},"author":16,"featured_media":13898,"comment_status":"closed","ping_status":"closed","sticky":false,"template":"","format":"standard","meta":{"footnotes":""},"categories":[1,10],"tags":[109,106,1173,1570],"yst_prominent_words":[],"class_list":["post-13884","post","type-post","status-publish","format-standard","has-post-thumbnail","hentry","category-biznis","category-eu","tag-biznis-u-eu","tag-biznis-u-sloveniji","tag-otvaranje-kompanije-u-sloveniji","tag-poslovni-prostor"],"featured_image_src":{"landsacpe":["https:\/\/data.si\/hr\/wp-content\/uploads\/2021\/04\/Poslovni-prostor-u-SlovenijiEU-i-iznajmjljivanje-na-\u0161ta-obratiti-pa\u017enju-800x445.jpg",800,445,true],"list":["https:\/\/data.si\/hr\/wp-content\/uploads\/2021\/04\/Poslovni-prostor-u-SlovenijiEU-i-iznajmjljivanje-na-\u0161ta-obratiti-pa\u017enju-463x348.jpg",463,348,true],"medium":["https:\/\/data.si\/hr\/wp-content\/uploads\/2021\/04\/Poslovni-prostor-u-SlovenijiEU-i-iznajmjljivanje-na-\u0161ta-obratiti-pa\u017enju-300x188.jpg",300,188,true],"full":["https:\/\/data.si\/hr\/wp-content\/uploads\/2021\/04\/Poslovni-prostor-u-SlovenijiEU-i-iznajmjljivanje-na-\u0161ta-obratiti-pa\u017enju.jpg",800,500,false]},"_links":{"self":[{"href":"https:\/\/data.si\/hr\/wp-json\/wp\/v2\/posts\/13884","targetHints":{"allow":["GET"]}}],"collection":[{"href":"https:\/\/data.si\/hr\/wp-json\/wp\/v2\/posts"}],"about":[{"href":"https:\/\/data.si\/hr\/wp-json\/wp\/v2\/types\/post"}],"author":[{"embeddable":true,"href":"https:\/\/data.si\/hr\/wp-json\/wp\/v2\/users\/16"}],"replies":[{"embeddable":true,"href":"https:\/\/data.si\/hr\/wp-json\/wp\/v2\/comments?post=13884"}],"version-history":[{"count":7,"href":"https:\/\/data.si\/hr\/wp-json\/wp\/v2\/posts\/13884\/revisions"}],"predecessor-version":[{"id":13897,"href":"https:\/\/data.si\/hr\/wp-json\/wp\/v2\/posts\/13884\/revisions\/13897"}],"wp:featuredmedia":[{"embeddable":true,"href":"https:\/\/data.si\/hr\/wp-json\/wp\/v2\/media\/13898"}],"wp:attachment":[{"href":"https:\/\/data.si\/hr\/wp-json\/wp\/v2\/media?parent=13884"}],"wp:term":[{"taxonomy":"category","embeddable":true,"href":"https:\/\/data.si\/hr\/wp-json\/wp\/v2\/categories?post=13884"},{"taxonomy":"post_tag","embeddable":true,"href":"https:\/\/data.si\/hr\/wp-json\/wp\/v2\/tags?post=13884"},{"taxonomy":"yst_prominent_words","embeddable":true,"href":"https:\/\/data.si\/hr\/wp-json\/wp\/v2\/yst_prominent_words?post=13884"}],"curies":[{"name":"wp","href":"https:\/\/api.w.org\/{rel}","templated":true}]}}