{"id":13659,"date":"2021-03-29T15:24:20","date_gmt":"2021-03-29T13:24:20","guid":{"rendered":"https:\/\/data.si\/hr\/?p=13659"},"modified":"2021-03-30T22:08:22","modified_gmt":"2021-03-30T20:08:22","slug":"digitalni-zeleni-sertifikat-u-sloveniji-eu","status":"publish","type":"post","link":"https:\/\/data.si\/hr\/digitalni-zeleni-sertifikat-u-sloveniji-eu\/","title":{"rendered":"Digitalni zeleni sertifikat u Sloveniji\/EU!"},"content":{"rendered":"<p id=\"tw-target-rmn\" class=\"tw-data-text tw-text-small tw-ta\" dir=\"ltr\">Digitalni zeleni sertifikat je novina koju je predlo\u017eila Evropska komisija u okviru mera u vezi sa COVID-19. Digitalni zeleni sertifikat olak\u0161a\u0107e slobodno kretanje unutar EU tokom pandemije. Leto se bli\u017ei; vreme odmora i putovanja &#8211; vreme kada ljudi \u017eele samo pozitivna iznena\u0111enja. U slu\u010daju da \u017eelite otvoriti <strong><a href=\"https:\/\/data.si\/hr\/tipovi-kompanija-koje-mozete-otvoriti-u-sloveniji-eu\/\">kompaniju<\/a> <\/strong>u Sloveniji i zanima vas kako \u010dete mo\u010di u bodu\u010dnosti putovati u Slovenijo za pokretanje <strong><a href=\"https:\/\/data.si\/hr\/poslovna-migracija-u-sloveniju-eu-saznajte-vise\/\">poslovne migracije,<\/a><\/strong>\u00a0pro\u010ditajte ovi \u010dlanak i saznajte vi\u0161e.<\/p>\n<h2 id=\"tw-target-rmn\" class=\"tw-data-text tw-text-small tw-ta\" dir=\"ltr\">Trebaju vam informacije o promeni mera?<\/h2>\n<p class=\"tw-data-text tw-text-small tw-ta\" dir=\"ltr\">\u017delite da budete u toku sa merama za suzbijanje epidemije? U kompaniji DATA d.o.o. nadgledamo postupke vlade i pru\u017eamo vam a\u017eurne i pouzdane informacije &#8211; pozivamo vas da se pretplatite na na\u0161e e-vesti. Ako vam je potreban pravni savet, obratite se na\u0161im <strong><a href=\"https:\/\/data.si\/srb\/pravno-savetovanje\/\">pravnicima<\/a><\/strong>. Radujemo se va\u0161oj poruci, pi\u0161ite nam na <strong><a href=\"mailto:data@data.si\">data@data.si<\/a><\/strong>.<\/p>\n<h2 id=\"tw-target-rmn\" class=\"tw-data-text tw-text-small tw-ta\" dir=\"ltr\">Digitalni zeleni sertifikat bi olak\u0161ao kretanje<\/h2>\n<p class=\"tw-data-text tw-text-small tw-ta\" dir=\"ltr\">Digitalni zeleni sertifikat olak\u0161ao bi gra\u0111anima EU i njihovim porodicama slobodno kretanje unutar EU tokom pandemije COVID-19. To bi dokazalo da osoba:<\/p>\n<ul>\n<li class=\"tw-data-text tw-text-small tw-ta\" dir=\"ltr\">je vakcinisano protiv COVID-19;<\/li>\n<li class=\"tw-data-text tw-text-small tw-ta\" dir=\"ltr\">dobio negativan rezultat testa;<\/li>\n<li class=\"tw-data-text tw-text-small tw-ta\" dir=\"ltr\">prebolio COVID-19<\/li>\n<\/ul>\n<p>Predlogu sertifikata mo\u017eete pristupiti <a href=\"https:\/\/ec.europa.eu\/info\/sites\/info\/files\/en_green_certif_just_reg130_final.pdf\">ovde.<\/a><\/p>\n<h2 id=\"tw-target-rmn\" class=\"tw-data-text tw-text-small tw-ta\" dir=\"ltr\">Digitalni zeleni sertifikat ne\u0107e biti uslov za slobodno kretanje<\/h2>\n<p class=\"tw-data-text tw-text-small tw-ta\" dir=\"ltr\">U Briselu isti\u010du da digitalni zeleni sertifikat ne\u0107e biti uslov za slobodno kretanje i ne\u0107e nikoga diskriminisati. Sertifikat \u0107e samo u\u010diniti grani\u010dne prelaze efikasnijim i vlasnicima olak\u0161ati kretanje unutar EU.<\/p>\n<h2 id=\"tw-target-rmn\" class=\"tw-data-text tw-text-small tw-ta\" dir=\"ltr\">U kom obliku \u0107e biti dostupan digitalni zeleni sertifikat?<\/h2>\n<p id=\"tw-target-rmn\" class=\"tw-data-text tw-text-small tw-ta\" dir=\"ltr\">Digitalni zeleni sertifikat bi\u0107e besplatan i bi\u0107e dostupan u digitalnom obliku &#8211; Imalac \u0107e ga mo\u0107i \u010duvati na svom pametnom telefonu. Tako\u0111e \u0107e biti dostupan u papirnom obliku. Sertifikat \u0107e sadr\u017eati KR kod da bi se osigurala sigurnost i autenti\u010dnost sertifikata. Evropska komisija \u0107e podr\u017eati dr\u017eave \u010dlanice u tehni\u010dkoj primeni sertifikata. Tako\u0111e \u0107e uspostaviti zajedni\u010dki portal za verifikaciju sertifikata \u0161irom EU.<\/p>\n<h2 id=\"tw-target-rmn\" class=\"tw-data-text tw-text-small tw-ta\" dir=\"ltr\">Kada \u0107e se opozvati sertifikat?<\/h2>\n<p class=\"tw-data-text tw-text-small tw-ta\" dir=\"ltr\">\u010cak i pre nego \u0161to Evropski parlament i Savet odlu\u010de da li \u0107e odobriti digitalni zeleni sertifikat, tako\u0111e je jasno kada \u0107e biti opozvan. Digitalni sistem zelenih sertifikata je privremena mera i presta\u0107e da se primenjuje kada Svetska zdravstvena organizacija proglasi kraj me\u0111unarodne zdravstvene krize zbog pandemije.<\/p>\n<h2 id=\"tw-target-rmn\" class=\"tw-data-text tw-text-small tw-ta\" dir=\"ltr\">Slovenija je podr\u017eala sertifikat<\/h2>\n<p class=\"tw-data-text tw-text-small tw-ta\" dir=\"ltr\">S obzirom na svoju veli\u010dinu, Slovenija mo\u017ee pru\u017eiti re\u0161enja br\u017ee nego \u0161to je to mogu\u0107e u EU. To je razlog za\u0161to je Slovenija ve\u0107 zapo\u010dela pripremu polazi\u0161ta za sadr\u017eaje koje donosi digitalni zeleni certifikat. Sada \u0107e biti pripremljena odgovaraju\u0107a re\u0161enja, a kasnije \u0107e aplikacija biti nadogra\u0111ena i uskla\u0111ena na evropskom nivou.<\/p>\n<h2 id=\"tw-target-rmn\" class=\"tw-data-text tw-text-small tw-ta\" dir=\"ltr\">Sertifikat podstakao bi turizam<\/h2>\n<p class=\"tw-data-text tw-text-small tw-ta\" dir=\"ltr\">Potvrda ne\u0107e biti uslov za slobodno kretanje, ve\u0107 bi samo olak\u0161ala putovanje vakcinisanim i nevakcinisanim osobama ukidanjem karantina (i testiranjem). Na ovaj na\u010din, Evropska komisija, a posebno zemlje sa jakim turisti\u010dkim sektorom, radiju na promociji turizma. Tako\u0111e i u Slovenija turisti\u010dke kompanije su vrlo popularan oblik djelatnosti poduzetnica.<\/p>\n<h2 id=\"tw-target-rmn\" class=\"tw-data-text tw-text-small tw-ta\" dir=\"ltr\">Pitanje koje ostaje otvoreno<\/h2>\n<p class=\"tw-data-text tw-text-small tw-ta\" dir=\"ltr\">Jo\u0161 uvek nije poznato da li \u0107e u vakcinacija biti uklju\u010dena u ruska ili kineska vakcina. Vakcine koje je odobrila Evropska agencija za lekove (EMA) obuhva\u0107ene su sertifikatom i, na primer, pojedine zemlje mogu da priznaju vakcinaciju Sputnikom V ako to odlu\u010de.<\/p>\n<h2 class=\"tw-data-text tw-text-small tw-ta\" dir=\"ltr\">Otvarate kompaniju u Sloveniji\/EU?<\/h2>\n<p class=\"tw-data-text tw-text-small tw-ta\" dir=\"ltr\">Za podr\u0161ku kontaktirajte DATA! Da li planirate da zapo\u010dnete posao u Evropi? Izaberite Sloveniju! Po\u0161aljite nam e-mail na <strong><a href=\"mailto:data@data.si\">data@data.si<\/a><\/strong>. Tako\u0111e nas mo\u017eete pozvati na +386 1 6006 274 (na\u0161 fiksni telefon) i Viber \/ Whatsapp +386 64 173 023. Pratite nas i na <strong><a href=\"https:\/\/www.facebook.com\/Data-doo-Osnivanje-firme-706699876048920\/\">Facebook-u<\/a><\/strong>. Za vi\u0161e informacija o otvaranju kompanije preporu\u010dili bismo vam da prijavite na na\u0161 besplatni<strong><a href=\"https:\/\/data.si\/hr\/prijava-na-webinar-sirenje-poslovanja-na-teritorij-slovenije\/\"> webinar<\/a><\/strong> o poslovni migraciji u Sloveniju.<\/p>\n<p>&nbsp;<\/p>\n","protected":false},"excerpt":{"rendered":"<p>Digitalni zeleni sertifikat je novina koju je predlo\u017eila Evropska komisija u okviru mera u vezi sa COVID-19. Digitalni zeleni sertifikat olak\u0161a\u0107e slobodno kretanje unutar EU tokom pandemije. Leto se bli\u017ei; vreme odmora i putovanja &#8211; vreme kada ljudi \u017eele samo pozitivna iznena\u0111enja. U slu\u010daju da \u017eelite otvoriti kompaniju u Sloveniji i zanima vas kako \u010dete [&hellip;]<\/p>\n","protected":false},"author":16,"featured_media":13680,"comment_status":"closed","ping_status":"closed","sticky":false,"template":"","format":"standard","meta":{"footnotes":""},"categories":[1,10],"tags":[109,106,1560,1173],"yst_prominent_words":[],"class_list":["post-13659","post","type-post","status-publish","format-standard","has-post-thumbnail","hentry","category-biznis","category-eu","tag-biznis-u-eu","tag-biznis-u-sloveniji","tag-digitalni-zeleni-sertifikat","tag-otvaranje-kompanije-u-sloveniji"],"featured_image_src":{"landsacpe":["https:\/\/data.si\/hr\/wp-content\/uploads\/2021\/03\/Digitalni-zeleni-sertifikat-u-SlovenijiEU-800x445.jpg",800,445,true],"list":["https:\/\/data.si\/hr\/wp-content\/uploads\/2021\/03\/Digitalni-zeleni-sertifikat-u-SlovenijiEU-463x348.jpg",463,348,true],"medium":["https:\/\/data.si\/hr\/wp-content\/uploads\/2021\/03\/Digitalni-zeleni-sertifikat-u-SlovenijiEU-300x188.jpg",300,188,true],"full":["https:\/\/data.si\/hr\/wp-content\/uploads\/2021\/03\/Digitalni-zeleni-sertifikat-u-SlovenijiEU.jpg",800,500,false]},"_links":{"self":[{"href":"https:\/\/data.si\/hr\/wp-json\/wp\/v2\/posts\/13659","targetHints":{"allow":["GET"]}}],"collection":[{"href":"https:\/\/data.si\/hr\/wp-json\/wp\/v2\/posts"}],"about":[{"href":"https:\/\/data.si\/hr\/wp-json\/wp\/v2\/types\/post"}],"author":[{"embeddable":true,"href":"https:\/\/data.si\/hr\/wp-json\/wp\/v2\/users\/16"}],"replies":[{"embeddable":true,"href":"https:\/\/data.si\/hr\/wp-json\/wp\/v2\/comments?post=13659"}],"version-history":[{"count":5,"href":"https:\/\/data.si\/hr\/wp-json\/wp\/v2\/posts\/13659\/revisions"}],"predecessor-version":[{"id":13687,"href":"https:\/\/data.si\/hr\/wp-json\/wp\/v2\/posts\/13659\/revisions\/13687"}],"wp:featuredmedia":[{"embeddable":true,"href":"https:\/\/data.si\/hr\/wp-json\/wp\/v2\/media\/13680"}],"wp:attachment":[{"href":"https:\/\/data.si\/hr\/wp-json\/wp\/v2\/media?parent=13659"}],"wp:term":[{"taxonomy":"category","embeddable":true,"href":"https:\/\/data.si\/hr\/wp-json\/wp\/v2\/categories?post=13659"},{"taxonomy":"post_tag","embeddable":true,"href":"https:\/\/data.si\/hr\/wp-json\/wp\/v2\/tags?post=13659"},{"taxonomy":"yst_prominent_words","embeddable":true,"href":"https:\/\/data.si\/hr\/wp-json\/wp\/v2\/yst_prominent_words?post=13659"}],"curies":[{"name":"wp","href":"https:\/\/api.w.org\/{rel}","templated":true}]}}