{"id":13539,"date":"2021-02-20T12:58:11","date_gmt":"2021-02-20T11:58:11","guid":{"rendered":"https:\/\/data.si\/hr\/?p=13539"},"modified":"2021-02-20T12:58:11","modified_gmt":"2021-02-20T11:58:11","slug":"godisnji-odmor-u-2021-za-vase-zaposlene-u-sloveniji-eu","status":"publish","type":"post","link":"https:\/\/data.si\/hr\/godisnji-odmor-u-2021-za-vase-zaposlene-u-sloveniji-eu\/","title":{"rendered":"Godi\u0161nji odmor u 2021 za va\u0161e zaposlene u Sloveniji\/EU!"},"content":{"rendered":"<p><strong><a href=\"https:\/\/data.si\/hr\/godisnji-odmor\/\">Godi\u0161nji odmor<\/a><\/strong> za 2021. godinu \u010desto je izme\u0111u va\u0161ih pitanja. <strong><a href=\"https:\/\/data.si\/hr\/odgovornosti-poslodavaca-u-sloveniji\/\">Poslodavci<\/a><\/strong> \u0107e uskoro morati da predaju va\u0161im zaposlenima nalog za odmor za 2021. godinu. U skladu sa Zakonom o radnom odnosu (ZDR-1), poslodavac je du\u017ean da o broju dana odsustva za teku\u0107u kalendarsku godinu obavesti zaposlene u pisanoj formi o broju dana godi\u0161njeg odmora za teku\u0107u kalendarsku godinu najkasnije do 31. marta. Neuspeh u podno\u0161enju procene godi\u0161njog odmora za 2021. godinu na vreme rezultira\u0107e prekr\u0161ajem. Kakva je procedura?<\/p>\n<p style=\"text-align: justify;\"><span style=\"font-family: 'Georgia',serif; color: #333333;\">Da li planirate\u00a0<a href=\"https:\/\/data.si\/hr\/kratak-vodic-za-otvaranje-firme-u-sloveniji\/\"><strong><span style=\"font-family: 'Georgia',serif;\">otvoriti svoju firmu<\/span><\/strong><\/a>\u00a0u Sloveniji?<\/span><\/p>\n<blockquote>\n<p style=\"text-align: justify;\"><strong><span style=\"font-family: 'Georgia',serif; color: #333333;\">Prijavite se na na\u0161 besplatni webinar za otvaranje firme u Sloveniji ovde:<\/span><\/strong><\/p>\n<p style=\"text-align: center;\" align=\"center\"><strong><span style=\"font-family: 'Georgia',serif; color: #333333;\"><a title=\"Prijava na webinar\" href=\"https:\/\/data.si\/hr\/prijava-na-webinar-sirenje-poslovanja-na-teritorij-slovenije\/\">Prijava na webinar<\/a><\/span><\/strong><\/p>\n<p>&nbsp;<\/p>\n<p style=\"text-align: justify;\"><span style=\"font-family: 'Georgia',serif; color: #333333;\">Nazovite na\u0161e stru\u010dnjake na broj +386 1 6006 274 (fiksni telefon) ili +386 64173023 (Viber\/WhatsApp) ili nam pi\u0161ite na email <strong><span style=\"font-family: 'Georgia',serif;\"><a href=\"https:\/\/data.si\/srb\/kontakt\/\">data@data.si.<\/a><\/span><\/strong><\/span><\/p>\n<\/blockquote>\n<p><span style=\"font-family: 'Georgia',serif; color: #333333;\">Ukoliko \u017eelite da\u00a0<strong><span style=\"font-family: 'Georgia',serif;\"><a href=\"https:\/\/data.si\/srb\/otvaranje-firme\/\">registrujete firmu u Sloveniji<\/a><\/span><\/strong>, DATA vam mo\u017ee pomo\u0107i i odgovoriti na sva va\u0161a pitanja u vezi\u00a0<strong><span style=\"font-family: 'Georgia',serif;\"><a href=\"https:\/\/data.si\/srb\/kratka-lista-sta-je-potrebno-za-otvaranje-firme-u-sloveniji\/\">\u0161ta vam je potrebno za otvaranje firme u Sloveniji<\/a><\/span><\/strong>. DATA je ovla\u0161tena od strane vlade da registrujemo kompanije. Na\u0161i savetnici vam mogu ponuditi potpunu podr\u0161ku i <strong><span style=\"font-family: 'Georgia',serif;\"><a href=\"https:\/\/data.si\/srb\/otvaranje-firme-doo-u-sloveniji-i-eu\/\">registrovati d.o.o.<\/a><\/span><\/strong>\u00a0u na\u0161im prostorijama.\u00a0Na\u0161e knjigovo\u0111e mogu ponuditi\u00a0<strong><span style=\"font-family: 'Georgia',serif;\"><a title=\"Knjigovodstvene usluge u Sloveniji\" href=\"https:\/\/data.si\/srb\/knjigovodstvene-usluge\/\">knjigovodstvene<\/a><\/span><\/strong>, poreske i finansijske usluge u skladu sa slovena\u010dkim knjigovodstvenim standardima. Na\u0161i stru\u010dnjaki za migraciju mogu vam pomo\u0107i oko dobijanja <strong><a href=\"https:\/\/data.si\/srb\/poslovna-imigracija-i-produzenje-radne-i-boravisne-dozvole-u-sloveniji\/\">dozvole za stalni boravak u Sloveniji<\/a><\/strong>. Tako\u0111e vam mogu savetovati oko procesa dozvola i <strong><a href=\"https:\/\/data.si\/srb\/privremena-boravisna-dozvola-za-clane-porodice-u-sloveniji\/\">spajanja porodice<\/a><\/strong>.\u00a0 Data ima 45 stru\u010dnjaka sa razli\u010ditih podru\u010dja, koji vam mogu ponuditi <strong><span style=\"font-family: 'Georgia',serif;\"><a title=\"Poslovno savetovanje u Sloveniji\" href=\"https:\/\/data.si\/srb\/poslovno-savetovanje\/\">poslovno savetovanje<\/a><\/span><\/strong>\u00a0u vezi oporezivanja, radnog zakonodavstva, osoblja i preduzetni\u0161tva. Imamo tako\u0111e i\u00a0<strong><span style=\"font-family: 'Georgia',serif;\"><a title=\"Pravno savetovanje za biznis u Sloveniji\" href=\"https:\/\/data.si\/srb\/pravno-savetovanje\/\">pravnike u DATI<\/a><\/span><\/strong>, koji vam mogu pripremiti ugovore iz civilnog i privrednog prava u skladu sa slovena\u010dkim zakonodavstvom.<\/span><\/p>\n<p>&nbsp;<\/p>\n<p>Kao poslodavac, naru\u010dujete letnji odmor za 2021. godinu u skladu sa zakonom, ali i Sedmim aktom o intervenciji (PKP7). Tome je predvi\u0111en du\u017ei referentni period za kori\u0161\u0107enje neiskori\u0161\u0107enog odsustva iz 2019. i 2020. godine. Radnici koji nisu uspeli da iskoriste odsustvo za 2019. godinu imaju rok do kraja februara 2021. Me\u0111utim, va\u0161i zaposleni mogu da koriste neiskori\u0161\u0107en godi\u0161nji odmor od 2020. do 31. decembra 2021. godine.<\/p>\n<h2>Koja je kazna za kasnu procenu za letnji odmor za 2021. godinu?<\/h2>\n<p>U slu\u010daju da se godi\u0161nji odmor kasnu proceni, ZDR-1 odre\u0111uje visoke kazne za takav prekr\u0161aj, do 1.000,00 \u20ac ako ste manji poslodavac, ili do 2.000,00 \u20ac ako zapo\u0161ljavate vi\u0161e od 10 radnika. Pored poslodavca, odgovornom licu poslodavca mo\u017ee biti izre\u010dena i nov\u010dana <strong><a href=\"https:\/\/data.si\/srb\/ugovorne-kazne-u-ugovoru-o-radu-jesu-li-dopustene\/\">kazna<\/a><\/strong> u iznosu do 800,00 EUR.<\/p>\n<h2>Godi\u0161nji odmor\u00a0 u 2021. godini i prava radnika<\/h2>\n<p>Zaposleni sti\u010de pravo na letnji odmor zaklju\u010divanjem ugovora o radu. Zaposleni sa va\u017ee\u0107im ugovorom za celu 2021. godinu mo\u017ee da tra\u017ei puno odsustvo u 2021. Ukoliko zaposleni nije zaposlen tokom cele kalendarske godine, ima pravo na proporcionalni deo odsustva za one mesece kada je bio zaposlen kod poslodavca u teku\u0107oj godini.<\/p>\n<p>Ukoliko zaposleni ima neravnomerno raspore\u0111eno radno vreme, prose\u010dan broj dana u sedmici u odnosu na kalendarsku godinu uzima se u obzir u dodeli godi\u0161njeg odsustva 2021.<\/p>\n<h2>Minimalno odsustvo za letnji odmor u 2021. godini<\/h2>\n<p>U kalendarskoj godini, letnji odmor ne mo\u017ee biti manje od \u010detiri nedelje, bez obzira na to da li zaposleni radi sa punom <strong><a href=\"https:\/\/data.si\/srb\/obracun-plate-u-sloveniji\/\">platom<\/a><\/strong> ili za skra\u0107eno radno vreme. Tako zaposleni koji radi osam sati dnevno i pet dana u nedelji mo\u017ee da tra\u017ei najmanje 20 dana godi\u0161njeg odsustva.<\/p>\n<h2>Dodatni dani za godi\u0161nji odmor u 2021. godini<\/h2>\n<p>Zaposleni mo\u017ee da tra\u017ei dodatno godi\u0161nji odmor u slede\u0107im slu\u010dajevima:<\/p>\n<ul>\n<li>najmanje 3 dodatna dana letnjog odmora pripadaju radniku sa invaliditetom, radniku sa najmanje 60 % fizi\u010dkog invaliditeta, starijem radniku i radniku sa detetom kojima je potrebna posebna nega ili za\u0161tita na osnovu propisa koji reguli\u0161u porodi\u010dni dodatak;<\/li>\n<li>do 1 dodatni dan letnjog odmora za svako dete zaposlenog do 15 godina starosti;<\/li>\n<li>dodatni dani odsustva tako\u0111e mogu biti propisani kolektivnim ugovorom koji obavezuje poslodavca ili op\u0161tim aktom poslodavca.<\/li>\n<\/ul>\n<div id=\"tw-ob\" class=\"tw-src-ltr\">\n<div class=\"oSioSc\">\n<div id=\"tw-target\">\n<div id=\"kAz1tf\" class=\"g9WsWb\">\n<div class=\"iYB33c\">\n<div id=\"tw-tmenu\" class=\"tw-menu\">\n<div id=\"tw-ob\" class=\"tw-src-ltr\">\n<div class=\"oSioSc\">\n<div id=\"tw-target\">\n<div id=\"kAz1tf\" class=\"g9WsWb\">\n<div class=\"iYB33c\">\n<h2 dir=\"ltr\">Otvarate firmu u Sloveniji\/EU?<\/h2>\n<\/div>\n<\/div>\n<\/div>\n<\/div>\n<\/div>\n<div id=\"tw-images\">\n<p>Obratite se DATA d.o.o. za konsultacije i podr\u0161ku pri registraciji kompanije u Sloveniji! Kontaktirajte nas ako vas zanimaju <strong><a href=\"https:\/\/data.si\/srb\/rokovi-poreza-na-dohodak-fizickih-lica-u-sloveniji-eu-za-2021-godinu\/\">rokovi za porez na dohodak fizi\u010dkih lica u Slovenji\/EU<\/a><\/strong>. Ne propustite jedinstvenu priliku da saznate vi\u0161e o registraciji firme u Sloveniji i drugim vrstama kompanija koje mo\u017eete da registrujete. DATA vam mo\u017ee pru\u017eiti punu podr\u0161ku u konsultacijama i registraciji kompanije.<\/p>\n<blockquote><p><strong>Planirate da otvorite firmu u Sloveniji<\/strong>? Nazovite na\u0161e stru\u010dnjake na broj +386 1 6006 274 (fiksni telefon) ili +386 64173023 (Viber\/WhatsApp) ili nam pi\u0161ite na email <a href=\"https:\/\/data.si\/srb\/kontakt\/\"><strong>data@data.si.\u00a0<\/strong><\/a><strong>Tako\u0111e vam predla\u017eemo da posetite na\u0161 <a href=\"https:\/\/www.facebook.com\/Data-doo-Osnivanje-firme-706699876048920\/\" target=\"_blank\" rel=\"noopener noreferrer\">Facebook<\/a>.<\/strong><\/p><\/blockquote>\n<\/div>\n<\/div>\n<\/div>\n<\/div>\n<\/div>\n<\/div>\n<\/div>\n<div id=\"tw-images\"><\/div>\n","protected":false},"excerpt":{"rendered":"<p>Godi\u0161nji odmor za 2021. godinu \u010desto je izme\u0111u va\u0161ih pitanja. Poslodavci \u0107e uskoro morati da predaju va\u0161im zaposlenima nalog za odmor za 2021. godinu. U skladu sa Zakonom o radnom odnosu (ZDR-1), poslodavac je du\u017ean da o broju dana odsustva za teku\u0107u kalendarsku godinu obavesti zaposlene u pisanoj formi o broju dana godi\u0161njeg odmora za [&hellip;]<\/p>\n","protected":false},"author":16,"featured_media":13541,"comment_status":"closed","ping_status":"closed","sticky":false,"template":"","format":"standard","meta":{"footnotes":""},"categories":[1],"tags":[109,106,788,12],"yst_prominent_words":[],"class_list":["post-13539","post","type-post","status-publish","format-standard","has-post-thumbnail","hentry","category-biznis","tag-biznis-u-eu","tag-biznis-u-sloveniji","tag-godisnji-odmor","tag-otvaranje-firme-u-sloveniji"],"featured_image_src":{"landsacpe":["https:\/\/data.si\/hr\/wp-content\/uploads\/2021\/02\/Godi\u0161nji-odmor-u-2021-za-va\u0161e-zaposlene-u-SlovenijiEU-800x445.jpg",800,445,true],"list":["https:\/\/data.si\/hr\/wp-content\/uploads\/2021\/02\/Godi\u0161nji-odmor-u-2021-za-va\u0161e-zaposlene-u-SlovenijiEU-463x348.jpg",463,348,true],"medium":["https:\/\/data.si\/hr\/wp-content\/uploads\/2021\/02\/Godi\u0161nji-odmor-u-2021-za-va\u0161e-zaposlene-u-SlovenijiEU-300x188.jpg",300,188,true],"full":["https:\/\/data.si\/hr\/wp-content\/uploads\/2021\/02\/Godi\u0161nji-odmor-u-2021-za-va\u0161e-zaposlene-u-SlovenijiEU.jpg",800,500,false]},"_links":{"self":[{"href":"https:\/\/data.si\/hr\/wp-json\/wp\/v2\/posts\/13539","targetHints":{"allow":["GET"]}}],"collection":[{"href":"https:\/\/data.si\/hr\/wp-json\/wp\/v2\/posts"}],"about":[{"href":"https:\/\/data.si\/hr\/wp-json\/wp\/v2\/types\/post"}],"author":[{"embeddable":true,"href":"https:\/\/data.si\/hr\/wp-json\/wp\/v2\/users\/16"}],"replies":[{"embeddable":true,"href":"https:\/\/data.si\/hr\/wp-json\/wp\/v2\/comments?post=13539"}],"version-history":[{"count":1,"href":"https:\/\/data.si\/hr\/wp-json\/wp\/v2\/posts\/13539\/revisions"}],"predecessor-version":[{"id":13540,"href":"https:\/\/data.si\/hr\/wp-json\/wp\/v2\/posts\/13539\/revisions\/13540"}],"wp:featuredmedia":[{"embeddable":true,"href":"https:\/\/data.si\/hr\/wp-json\/wp\/v2\/media\/13541"}],"wp:attachment":[{"href":"https:\/\/data.si\/hr\/wp-json\/wp\/v2\/media?parent=13539"}],"wp:term":[{"taxonomy":"category","embeddable":true,"href":"https:\/\/data.si\/hr\/wp-json\/wp\/v2\/categories?post=13539"},{"taxonomy":"post_tag","embeddable":true,"href":"https:\/\/data.si\/hr\/wp-json\/wp\/v2\/tags?post=13539"},{"taxonomy":"yst_prominent_words","embeddable":true,"href":"https:\/\/data.si\/hr\/wp-json\/wp\/v2\/yst_prominent_words?post=13539"}],"curies":[{"name":"wp","href":"https:\/\/api.w.org\/{rel}","templated":true}]}}