{"id":13506,"date":"2021-02-13T10:40:22","date_gmt":"2021-02-13T09:40:22","guid":{"rendered":"https:\/\/data.si\/hr\/?p=13506"},"modified":"2021-02-16T19:32:57","modified_gmt":"2021-02-16T18:32:57","slug":"vinjeta-u-sloveniji-eu-od-01-02-je-obavezna-nova","status":"publish","type":"post","link":"https:\/\/data.si\/hr\/vinjeta-u-sloveniji-eu-od-01-02-je-obavezna-nova\/","title":{"rendered":"Vinjeta u Sloveniji\/EU &#8211; od 01.02. je obavezna nova!"},"content":{"rendered":"<p><strong><a href=\"https:\/\/data.si\/srb\/vinjete-u-sloveniji-promene-u-2021-godini\/\">Vinjeta<\/a><\/strong> za 2021. godinu je plavo-zelene boje. Od 01.02. je nova vinjeta obavezna za sva vozila koja koriste autoceste i brze ceste u Sloveniji. Dars predvi\u0111a da je ovo posljednja vinjeta, koje smo bili vajeni do sad. U sljede\u0107i godini u Sloveniji \u0107e za\u017eiviti elektronski oblik vinjeta.<\/p>\n<p style=\"text-align: justify;\"><span style=\"font-family: 'Georgia',serif; color: #333333;\">Da li planirate\u00a0<a href=\"https:\/\/data.si\/hr\/kratak-vodic-za-otvaranje-firme-u-sloveniji\/\"><strong><span style=\"font-family: 'Georgia',serif;\">otvoriti svoju firmu<\/span><\/strong><\/a>\u00a0u Sloveniji?<\/span><\/p>\n<blockquote>\n<p style=\"text-align: justify;\"><strong><span style=\"font-family: 'Georgia',serif; color: #333333;\">Prijavite se na na\u0161 besplatni webinar za otvaranje firme u Sloveniji ovde:<\/span><\/strong><\/p>\n<p style=\"text-align: center;\" align=\"center\"><strong><span style=\"font-family: 'Georgia',serif; color: #333333;\"><a title=\"Prijava na webinar\" href=\"https:\/\/data.si\/hr\/prijava-na-webinar-sirenje-poslovanja-na-teritorij-slovenije\/\">Prijava na webinar<\/a><\/span><\/strong><\/p>\n<p>&nbsp;<\/p>\n<p style=\"text-align: justify;\"><span style=\"font-family: 'Georgia',serif; color: #333333;\">Nazovite na\u0161e stru\u010dnjake na broj +386 1 6006 274 (fiksni telefon) ili +386 64173023 (Viber\/WhatsApp) ili nam pi\u0161ite na email <strong><span style=\"font-family: 'Georgia',serif;\"><a href=\"https:\/\/data.si\/srb\/kontakt\/\">data@data.si.<\/a><\/span><\/strong><\/span><\/p>\n<\/blockquote>\n<p><span style=\"font-family: 'Georgia',serif; color: #333333;\">Ukoliko \u017eelite da <strong><span style=\"font-family: 'Georgia',serif;\"><a href=\"https:\/\/data.si\/srb\/otvaranje-firme\/\">registrujete firmu u Sloveniji<\/a><\/span><\/strong>, DATA vam mo\u017ee pomo\u0107i i odgovoriti na sva va\u0161a pitanja u vezi\u00a0<strong><span style=\"font-family: 'Georgia',serif;\"><a href=\"https:\/\/data.si\/srb\/kratka-lista-sta-je-potrebno-za-otvaranje-firme-u-sloveniji\/\">\u0161ta vam je potrebno za otvaranje firme u Sloveniji<\/a><\/span><\/strong>. DATA je ovla\u0161tena od strane vlade da registrujemo kompanije. Na\u0161i savetnici vam mogu ponuditi potpunu podr\u0161ku i <strong><span style=\"font-family: 'Georgia',serif;\"><a href=\"https:\/\/data.si\/srb\/otvaranje-firme-doo-u-sloveniji-i-eu\/\">registrovati d.o.o.<\/a><\/span><\/strong>\u00a0u na\u0161im prostorijama.\u00a0Na\u0161e knjigovo\u0111e mogu ponuditi\u00a0<strong><span style=\"font-family: 'Georgia',serif;\"><a title=\"Knjigovodstvene usluge u Sloveniji\" href=\"https:\/\/data.si\/srb\/knjigovodstvene-usluge\/\">knjigovodstvene<\/a><\/span><\/strong>, poreske i finansijske usluge u skladu sa slovena\u010dkim knjigovodstvenim standardima. Na\u0161i stru\u010dnjaki za migraciju mogu vam pomo\u0107i oko dobijanja <strong><a href=\"https:\/\/data.si\/srb\/poslovna-imigracija-i-produzenje-radne-i-boravisne-dozvole-u-sloveniji\/\">dozvole za stalni boravak u Sloveniji<\/a><\/strong>. Tako\u0111e vam mogu savetovati oko procesa dozvola i <strong><a href=\"https:\/\/data.si\/srb\/privremena-boravisna-dozvola-za-clane-porodice-u-sloveniji\/\">spajanja porodice<\/a><\/strong>. Imamo tako\u0111e i\u00a0<strong><span style=\"font-family: 'Georgia',serif;\"><a title=\"Pravno savetovanje za biznis u Sloveniji\" href=\"https:\/\/data.si\/srb\/pravno-savetovanje\/\">pravnike u DATI<\/a><\/span><\/strong>, koji vam mogu pripremiti ugovore iz civilnog i privrednog prava u skladu sa slovena\u010dkim zakonodavstvom.<\/span><\/p>\n<h2>Vinjeta- koje su cene?<\/h2>\n<div class=\"oblacek-promo\">Na snazi su godi\u0161nje, mjese\u010dne i tjedne vinjete za naplatu cestarine klase 2A (osobna vozila) i 2B (kombiji) te godi\u0161nje, polugodi\u0161nje i tjedne vinjete za prvu naplatnu klasu (motocikle). Za godi\u0161nju vinjetu za osobna vozila potrebno je odbiti 110, za mjese\u010dno 30, a 15 eura za tjedno vinjeto.<br \/>\nZa kombije je tro\u0161ak godi\u0161nje vinjete 220 evra, mjese\u010dne 60 evra, a tjedne vinjete 30 eura. Za motocikle, me\u0111utim, cijena godi\u0161nje vinjete ostaje nepromijenjena na 55 eura. Za mese\u010dnu vinjetu vlasnici motocikala morat \u0107e oduzimati 30 evra, a za tjedno 7,50 evra.<\/div>\n<div><\/div>\n<h2>Elektroni\u010dka vinjeta za 2022. godinu!<\/h2>\n<div>Jo\u0161 u listopadu pro\u0161le godine Narodna skup\u0161tina je u svojoj noviteti Zakona o naplati cestarine odobrila uvo\u0111enje elektroni\u010dke vinjete. Kupnja e-vinjeta bit \u0107e mogu\u0107a putem aplikacije, weba i na benzinskim postajama. Izme\u0111u ostalog, ministar je u pro\u0161losti isticao da \u0107e novi sustav biti pravedniji prema voza\u010du jer \u0107e godi\u0161nje vinjete vrijediti godinu dana od dana kupnje.<\/div>\n<div><\/div>\n<div>\n<h2>Vinjeta i pad prodaje zbog Covida-19<\/h2>\n<p>Vinjeta za 2021. godinu je u prodaji je od prosinca pro\u0161le godine. U prvom mjesecu prodali su 132.289 godi\u0161njih vinjeta za 2021. godinu, \u0161to je 24 posto manje nego u prosincu 2019. Pritom je prodaja godi\u0161njih vinjeta za osobne automobile (naplatna klasa 2A) pala za \u010detvrtinu, na 121.674. Pala je i prodaja mjese\u010dnih i tjednih vinjeta.<\/p>\n<p>Kako je objavljeno u Darsu, vrijednost prodanih vinjeta u prosincu bila je 15,81 milijun eura i 7,11 milijuna eura ni\u017ea nego u usporedivom razdoblju 2019. godine.<\/p>\n<\/div>\n<h2>Otvarate firmu u Sloveniji?<\/h2>\n<div id=\"tw-images\">\n<p>Obratite se DATA d.o.o. za konsultacije i podr\u0161ku pri registraciji kompanije u Sloveniji! Ne propustite jedinstvenu priliku da saznate vi\u0161e o registraciji firme u Sloveniji i drugim vrstama kompanija koje mo\u017eete da registrujete. DATA vam mo\u017ee pru\u017eiti punu podr\u0161ku u konsultacijama i registraciji kompanije.<\/p>\n<blockquote><p><strong>Planirate da otvorite firmu u Sloveniji<\/strong>? Nazovite na\u0161e stru\u010dnjake na broj +386 1 6006 274 (fiksni telefon) ili +386 64173023 (Viber\/WhatsApp) ili nam pi\u0161ite na email <a href=\"https:\/\/data.si\/srb\/kontakt\/\"><strong>data@data.si.\u00a0<\/strong><\/a><strong>Tako\u0111e vam predla\u017eemo da posetite na\u0161 <a href=\"https:\/\/www.facebook.com\/Data-doo-Osnivanje-firme-706699876048920\/\" target=\"_blank\" rel=\"noopener noreferrer\">Facebook<\/a>.<\/strong><\/p><\/blockquote>\n<\/div>\n<p>&nbsp;<\/p>\n","protected":false},"excerpt":{"rendered":"<p>Vinjeta za 2021. godinu je plavo-zelene boje. Od 01.02. je nova vinjeta obavezna za sva vozila koja koriste autoceste i brze ceste u Sloveniji. Dars predvi\u0111a da je ovo posljednja vinjeta, koje smo bili vajeni do sad. U sljede\u0107i godini u Sloveniji \u0107e za\u017eiviti elektronski oblik vinjeta. Da li planirate\u00a0otvoriti svoju firmu\u00a0u Sloveniji? Prijavite se [&hellip;]<\/p>\n","protected":false},"author":16,"featured_media":13511,"comment_status":"closed","ping_status":"closed","sticky":false,"template":"","format":"standard","meta":{"footnotes":""},"categories":[1,10],"tags":[109,106,12,1548],"yst_prominent_words":[],"class_list":["post-13506","post","type-post","status-publish","format-standard","has-post-thumbnail","hentry","category-biznis","category-eu","tag-biznis-u-eu","tag-biznis-u-sloveniji","tag-otvaranje-firme-u-sloveniji","tag-vinjeta"],"featured_image_src":{"landsacpe":["https:\/\/data.si\/hr\/wp-content\/uploads\/2021\/02\/Vinjeta-u-SlovenijiEU-od-01.02.-je-obavezna-nova-800x445.jpg",800,445,true],"list":["https:\/\/data.si\/hr\/wp-content\/uploads\/2021\/02\/Vinjeta-u-SlovenijiEU-od-01.02.-je-obavezna-nova-463x348.jpg",463,348,true],"medium":["https:\/\/data.si\/hr\/wp-content\/uploads\/2021\/02\/Vinjeta-u-SlovenijiEU-od-01.02.-je-obavezna-nova-300x188.jpg",300,188,true],"full":["https:\/\/data.si\/hr\/wp-content\/uploads\/2021\/02\/Vinjeta-u-SlovenijiEU-od-01.02.-je-obavezna-nova.jpg",800,500,false]},"_links":{"self":[{"href":"https:\/\/data.si\/hr\/wp-json\/wp\/v2\/posts\/13506","targetHints":{"allow":["GET"]}}],"collection":[{"href":"https:\/\/data.si\/hr\/wp-json\/wp\/v2\/posts"}],"about":[{"href":"https:\/\/data.si\/hr\/wp-json\/wp\/v2\/types\/post"}],"author":[{"embeddable":true,"href":"https:\/\/data.si\/hr\/wp-json\/wp\/v2\/users\/16"}],"replies":[{"embeddable":true,"href":"https:\/\/data.si\/hr\/wp-json\/wp\/v2\/comments?post=13506"}],"version-history":[{"count":5,"href":"https:\/\/data.si\/hr\/wp-json\/wp\/v2\/posts\/13506\/revisions"}],"predecessor-version":[{"id":13519,"href":"https:\/\/data.si\/hr\/wp-json\/wp\/v2\/posts\/13506\/revisions\/13519"}],"wp:featuredmedia":[{"embeddable":true,"href":"https:\/\/data.si\/hr\/wp-json\/wp\/v2\/media\/13511"}],"wp:attachment":[{"href":"https:\/\/data.si\/hr\/wp-json\/wp\/v2\/media?parent=13506"}],"wp:term":[{"taxonomy":"category","embeddable":true,"href":"https:\/\/data.si\/hr\/wp-json\/wp\/v2\/categories?post=13506"},{"taxonomy":"post_tag","embeddable":true,"href":"https:\/\/data.si\/hr\/wp-json\/wp\/v2\/tags?post=13506"},{"taxonomy":"yst_prominent_words","embeddable":true,"href":"https:\/\/data.si\/hr\/wp-json\/wp\/v2\/yst_prominent_words?post=13506"}],"curies":[{"name":"wp","href":"https:\/\/api.w.org\/{rel}","templated":true}]}}