{"id":13436,"date":"2021-01-25T14:40:18","date_gmt":"2021-01-25T13:40:18","guid":{"rendered":"https:\/\/data.si\/hr\/?p=13436"},"modified":"2021-01-25T14:40:18","modified_gmt":"2021-01-25T13:40:18","slug":"produzene-mjere-u-sloveniji-eu-do-17-marta-2021","status":"publish","type":"post","link":"https:\/\/data.si\/hr\/produzene-mjere-u-sloveniji-eu-do-17-marta-2021\/","title":{"rendered":"Produ\u017eene mjere u Sloveniji\/EU do 17. marta 2021!"},"content":{"rendered":"<p>Epidemija koronavirusa ne pokazuje znakove umjerenosti pa je Vlada Republike Slovenije (RS) 13.2021 na sastanku odlu\u010dila, da \u0107e se epidemija produ\u017eiti do sredine marta 2021. godine. Pravilnik o progla\u0161enju epidemije zarazne bolesti COVID-19 na podru\u010dju RS stupa na snagu 17. januara. Epidemija \u0107e biti progla\u0161ena na 60 dana. Mijenjaju li se i mjere?<\/p>\n<p>Epidemija koronavirusa prisilila je mnoge <strong><a href=\"https:\/\/data.si\/srb\/radna-dozvola-za-strance-koje-su-obaveze-poslodavca\/\">poduzetnike<\/a><\/strong> da zatvore svoje <strong><a href=\"https:\/\/data.si\/srb\/poslovanje-u-eu-i-upucivanje-radnika-na-rad-u-drzave-eu\/\">poslovanje<\/a><\/strong>, dok su se drugi okrenuli pomo\u0107i u skladu sa zakonima o intervencijama. Mjere za ubla\u017eavanje posljedica epidemije uklju\u010duju teku\u0107e subvencioniranje nekreagiranog radnog vremena, djelomi\u010dno pokri\u0107e fiksnih tro\u0161kova, \u010dekanje na rad kod ku\u0107e, koje je Vlada RS produ\u017eila do kraja aprila. 29. 12. 2020. godine donesen je i Sedmi intervencijski zakon (PKP7) kojim se poslodavce obvezuje da radnicima isplate krizni bonus na pla\u0107u za decembar. Poslodavci koji su to ve\u0107 u\u010dinili uskoro \u0107e mo\u0107i podnijeti zahtjev za povrat novca. Da biste izbjegli propu\u0161tanje roka, pratite i prijavite se za na\u0161 newsletter, gdje \u0107emo vas redovito objavljivati. Za sve nejasno\u0107e u provedbi pomo\u0107i i po\u0161tivanju du\u017enosti interventnog zakonodavstva mo\u017eete se obratiti na\u0161oj <strong><a href=\"https:\/\/data.si\/srb\/pravno-savetovanje\/\">pravnoj slu\u017ebi<\/a><\/strong>. Javite nam se <strong><a href=\"mailto:data@data.si\">data@data.si<\/a><\/strong>.<\/p>\n<p style=\"text-align: justify;\"><span style=\"font-family: 'Georgia',serif; color: #333333;\">Da li planirate\u00a0<a href=\"https:\/\/data.si\/hr\/kratak-vodic-za-otvaranje-firme-u-sloveniji\/\"><strong><span style=\"font-family: 'Georgia',serif;\">otvoriti svoju firmu<\/span><\/strong><\/a>\u00a0u Sloveniji?<\/span><\/p>\n<blockquote>\n<p style=\"text-align: justify;\"><strong><span style=\"font-family: 'Georgia',serif; color: #333333;\">Prijavite se na na\u0161 besplatni webinar za otvaranje firme u Sloveniji ovde:<\/span><\/strong><\/p>\n<p style=\"text-align: center;\" align=\"center\"><strong><span style=\"font-family: 'Georgia',serif; color: #333333;\"><a title=\"Prijava na webinar\" href=\"https:\/\/data.si\/hr\/prijava-na-webinar-sirenje-poslovanja-na-teritorij-slovenije\/\">Prijava na webinar<\/a><\/span><\/strong><\/p>\n<p>&nbsp;<\/p>\n<p style=\"text-align: justify;\"><span style=\"font-family: 'Georgia',serif; color: #333333;\">Nazovite na\u0161e stru\u010dnjake na broj +386 1 6006 274 (fiksni telefon) ili +386 64173023 (Viber\/WhatsApp) ili nam pi\u0161ite na email <strong><span style=\"font-family: 'Georgia',serif;\"><a href=\"https:\/\/data.si\/srb\/kontakt\/\">data@data.si.<\/a><\/span><\/strong><\/span><\/p>\n<\/blockquote>\n<p>&nbsp;<\/p>\n<h2>Epidemija produ\u017eena za 60 dana!<\/h2>\n<p>Iako je Vlada RS tijekom praznica poduzela nove, o\u0161trije mjere za pobolj\u0161anje epidemiolo\u0161ke slike. Statistike o broju zara\u017eenih pokazuju da epidemija ne pokazuje znakove umjerenosti. Virus se brzo i eksponencijalno \u0161iri u populaciji. Kao i druge zemlje diljem svijeta, Vlada RS na situaciju odgovara nizom mjera koje se brzo mijenjaju.<\/p>\n<p>Budu\u0107i da sve slovenske statisti\u010dke regije ve\u0107 du\u017ee vrijeme prema\u0161uju stopu incidencije propisanu progla\u0161enjem epidemije, Vlada RS odlu\u010dila je da sa 17.1.2021 produ\u017ei doneseni Pravilnik. Epidemija \u0107e tako trajati do 17.3.2021.<\/p>\n<h2>Epidemija produ\u017eena, kako stoje ostale mjere?<\/h2>\n<p>\u010cinjenica da se epidemija produ\u017eila za 60 dana ne predstavlja nikakve nove mjere. Epidemija, odnosno njezin proglas, pru\u017ea samo pravnu osnovu za poduzimanje daljnjih radnji.<\/p>\n<ul>\n<li>Vlada je izdala Pravilnik o zabrani rada koji se primjenjuje od 16. januara 2021. do 22. januara 2021. godine. Zadr\u017eavaju se iste iznimke kao i prije, a osim toga, \u010distionice dodaju se kao iznimka koja mo\u017ee biti u funkciji.<\/li>\n<li>Vlada je a\u017eurirala i Pravilnik koji se odnosi na prelazak granice \u2013 Ulazak u RS iz zemlje na crvenom popisu bez upu\u0107ivanja u ku\u0107nu karantenu ili bez podno\u0161enja negativnog testa na prisutnost SARS-CoV-2 virusa dopu\u0161teno je novo izuze\u0107e. Rije\u010d je o vlasnikih ili zakupacih zemlji\u0161ta u pograni\u010dnom podru\u010dju ili s oboje strane nacionalne granice koji prelaze nacionalnu granicu sa susjednom dr\u017eavom u svrhu obavljanja poljoprivredno-\u0161umarskih radova i povratka preko granice odmah po zavr\u0161etku radova.<\/li>\n<li>Negativan PCR test i brzi test uvjeti su za ulazak u zemlju, a valjanost brzog testa na antigen, koji ne smije biti ve\u0107i od 24 sata od uklanjanja razmaza, sada je skra\u0107ena.<\/li>\n<li>Osoba koju policija po ulasku u RS nalazi u karanteni mo\u017ee odmah provesti testiranje na virus tijekom razdoblja karantene. Ako su rezultati testiranja negativni, smatra se da je karantena prekinuta.<\/li>\n<\/ul>\n<div id=\"tw-ob\" class=\"tw-src-ltr\">\n<div class=\"oSioSc\">\n<div id=\"tw-target\">\n<div id=\"kAz1tf\" class=\"g9WsWb\">\n<div class=\"iYB33c\">\n<h2 dir=\"ltr\" data-placeholder=\"Translation\">Otvarate firmu u Sloveniji?<\/h2>\n<\/div>\n<\/div>\n<\/div>\n<\/div>\n<\/div>\n<div id=\"tw-images\">\n<p>Obratite se DATA d.o.o. za konsultacije i podr\u0161ku pri registraciji kompanije u Sloveniji! Ne propustite jedinstvenu priliku da saznate vi\u0161e o registraciji firme u Sloveniji i drugim vrstama kompanija koje mo\u017eete da registrujete. DATA vam mo\u017ee pru\u017eiti punu podr\u0161ku u konsultacijama i registraciji kompanije.<\/p>\n<blockquote><p><strong>Planirate da otvorite firmu u Sloveniji<\/strong>? Nazovite na\u0161e stru\u010dnjake na broj +386 1 6006 274 (fiksni telefon) ili +386 64173023 (Viber\/WhatsApp) ili nam pi\u0161ite na email <a href=\"https:\/\/data.si\/srb\/kontakt\/\"><strong>data@data.si.\u00a0<\/strong><\/a><strong>Tako\u0111e vam predla\u017eemo da posetite na\u0161 <a href=\"https:\/\/www.facebook.com\/Data-doo-Osnivanje-firme-706699876048920\/\" target=\"_blank\" rel=\"noopener noreferrer\">Facebook<\/a>.<\/strong><\/p><\/blockquote>\n<\/div>\n<p>&nbsp;<\/p>\n","protected":false},"excerpt":{"rendered":"<p>Epidemija koronavirusa ne pokazuje znakove umjerenosti pa je Vlada Republike Slovenije (RS) 13.2021 na sastanku odlu\u010dila, da \u0107e se epidemija produ\u017eiti do sredine marta 2021. godine. Pravilnik o progla\u0161enju epidemije zarazne bolesti COVID-19 na podru\u010dju RS stupa na snagu 17. januara. Epidemija \u0107e biti progla\u0161ena na 60 dana. Mijenjaju li se i mjere? Epidemija koronavirusa [&hellip;]<\/p>\n","protected":false},"author":16,"featured_media":13443,"comment_status":"closed","ping_status":"closed","sticky":false,"template":"","format":"standard","meta":{"footnotes":""},"categories":[1,6],"tags":[109,106,12,1544],"yst_prominent_words":[],"class_list":["post-13436","post","type-post","status-publish","format-standard","has-post-thumbnail","hentry","category-biznis","category-osnivanje-poduzeca","tag-biznis-u-eu","tag-biznis-u-sloveniji","tag-otvaranje-firme-u-sloveniji","tag-produzene-mjere-do-marta"],"featured_image_src":{"landsacpe":["https:\/\/data.si\/hr\/wp-content\/uploads\/2021\/01\/Produ\u017eene-mjere-u-SlovenijiEU-do-17.-marta-2021-800x445.jpg",800,445,true],"list":["https:\/\/data.si\/hr\/wp-content\/uploads\/2021\/01\/Produ\u017eene-mjere-u-SlovenijiEU-do-17.-marta-2021-463x348.jpg",463,348,true],"medium":["https:\/\/data.si\/hr\/wp-content\/uploads\/2021\/01\/Produ\u017eene-mjere-u-SlovenijiEU-do-17.-marta-2021-300x188.jpg",300,188,true],"full":["https:\/\/data.si\/hr\/wp-content\/uploads\/2021\/01\/Produ\u017eene-mjere-u-SlovenijiEU-do-17.-marta-2021.jpg",800,500,false]},"_links":{"self":[{"href":"https:\/\/data.si\/hr\/wp-json\/wp\/v2\/posts\/13436","targetHints":{"allow":["GET"]}}],"collection":[{"href":"https:\/\/data.si\/hr\/wp-json\/wp\/v2\/posts"}],"about":[{"href":"https:\/\/data.si\/hr\/wp-json\/wp\/v2\/types\/post"}],"author":[{"embeddable":true,"href":"https:\/\/data.si\/hr\/wp-json\/wp\/v2\/users\/16"}],"replies":[{"embeddable":true,"href":"https:\/\/data.si\/hr\/wp-json\/wp\/v2\/comments?post=13436"}],"version-history":[{"count":4,"href":"https:\/\/data.si\/hr\/wp-json\/wp\/v2\/posts\/13436\/revisions"}],"predecessor-version":[{"id":13440,"href":"https:\/\/data.si\/hr\/wp-json\/wp\/v2\/posts\/13436\/revisions\/13440"}],"wp:featuredmedia":[{"embeddable":true,"href":"https:\/\/data.si\/hr\/wp-json\/wp\/v2\/media\/13443"}],"wp:attachment":[{"href":"https:\/\/data.si\/hr\/wp-json\/wp\/v2\/media?parent=13436"}],"wp:term":[{"taxonomy":"category","embeddable":true,"href":"https:\/\/data.si\/hr\/wp-json\/wp\/v2\/categories?post=13436"},{"taxonomy":"post_tag","embeddable":true,"href":"https:\/\/data.si\/hr\/wp-json\/wp\/v2\/tags?post=13436"},{"taxonomy":"yst_prominent_words","embeddable":true,"href":"https:\/\/data.si\/hr\/wp-json\/wp\/v2\/yst_prominent_words?post=13436"}],"curies":[{"name":"wp","href":"https:\/\/api.w.org\/{rel}","templated":true}]}}