{"id":13371,"date":"2021-01-09T10:47:40","date_gmt":"2021-01-09T09:47:40","guid":{"rendered":"https:\/\/data.si\/hr\/?p=13371"},"modified":"2021-01-12T07:47:37","modified_gmt":"2021-01-12T06:47:37","slug":"praznici-u-sloveniji-i-u-inostranstvu-u-2021-godini","status":"publish","type":"post","link":"https:\/\/data.si\/hr\/praznici-u-sloveniji-i-u-inostranstvu-u-2021-godini\/","title":{"rendered":"Praznici u Sloveniji i u inostranstvu u 2021. godini!"},"content":{"rendered":"<div id=\"tw-container\" class=\"YQaNob\" data-cp=\"1\" data-nnttsvi=\"1\" data-sugg-time=\"500\" data-sugg-url=\"https:\/\/clients1.google.com\/complete\/search\" data-uilc=\"en\">\n<div class=\"jhH5U\">\n<div id=\"tw-ob\" class=\"tw-src-ltr\">\n<div class=\"oSioSc\">\n<div id=\"tw-target\">\n<div id=\"kAz1tf\" class=\"g9WsWb\">\n<div id=\"tw-target-text-container\" class=\"tw-ta-container hide-focus-ring tw-nfl\" tabindex=\"0\">\n<p id=\"tw-target-text\" class=\"tw-data-text tw-text-large XcVN5d tw-ta\" dir=\"ltr\" data-placeholder=\"Translation\"><span lang=\"hr\">Praznici u 2021. godini va\u017ean su podatak za poduzetnike. Kada poslujete na novom teritoriju, dobro je znati kada ta zemlja ima praznike i neradne dane. Na ovaj na\u010din mo\u017eete u\u010dinkovitije planirati svoje poslovanje. Znate li kada su blagdani u Sloveniji i susjednim zemljama? Znate li koji su praznici 2021. ujedno i neradni dani?<\/span><\/p>\n<p style=\"text-align: justify;\"><span style=\"font-family: 'Georgia',serif; color: #333333;\">Da li planirate\u00a0<a href=\"https:\/\/data.si\/hr\/kratak-vodic-za-otvaranje-firme-u-sloveniji\/\"><strong><span style=\"font-family: 'Georgia',serif;\">otvoriti svoju firmu<\/span><\/strong><\/a>\u00a0u Sloveniji?<\/span><\/p>\n<blockquote>\n<p style=\"text-align: justify;\"><strong><span style=\"font-family: 'Georgia',serif; color: #333333;\">Prijavite se na na\u0161 besplatni webinar za otvaranje firme u Sloveniji ovde:<\/span><\/strong><\/p>\n<p style=\"text-align: center;\" align=\"center\"><strong><span style=\"font-family: 'Georgia',serif; color: #333333;\"><a title=\"Prijava na webinar\" href=\"https:\/\/data.si\/hr\/prijava-na-webinar-sirenje-poslovanja-na-teritorij-slovenije\/\">Prijava na webinar<\/a><\/span><\/strong><\/p>\n<p>&nbsp;<\/p>\n<p style=\"text-align: justify;\"><span style=\"font-family: 'Georgia',serif; color: #333333;\">Nazovite na\u0161e stru\u010dnjake na broj +386 1 6006 274 (fiksni telefon) ili +386 64173023 (Viber\/WhatsApp) ili nam pi\u0161ite na email <strong><span style=\"font-family: 'Georgia',serif;\"><a href=\"https:\/\/data.si\/srb\/kontakt\/\">data@data.si.<\/a><\/span><\/strong><\/span><\/p>\n<\/blockquote>\n<p id=\"tw-target-text\" class=\"tw-data-text tw-text-large XcVN5d tw-ta\" dir=\"ltr\" data-placeholder=\"Translation\"><span lang=\"hr\">U tvrtki DATA, d.o.o. S tridesetogodi\u0161njom tradicijom nudimo razne usluge za strance u Sloveniji i njihove poslodavce, povezane s radom i boravkom stranaca u Sloveniji i <strong><a href=\"https:\/\/data.si\/srb\/imigracija-u-sloveniju\/\">poslovnu imigraciju<\/a><\/strong>. Dobivanje dozvola za strance poseban je izazov za poslodavce. Na\u0161i stru\u010dnjaci mogu se pobrinuti da EU Plava karta br\u017ee do\u0111e u va\u0161e ruke, a mogu vam pomo\u0107i i u dobivanju drugih dozvola. Za sve upite dostupni su e-po\u0161tom data@data.si ili telefonom na brojeve +386 01 6001 530 i +386 40 530 718 (Viber i WhatsApp).<\/span><\/p>\n<\/div>\n<h2 id=\"tw-target-text\" class=\"tw-data-text tw-text-large XcVN5d tw-ta\" dir=\"ltr\" data-placeholder=\"Translation\"><span lang=\"hr\">Praznici u Sloveniji\u00a0<\/span><\/h2>\n<p class=\"tw-data-text tw-text-large XcVN5d tw-ta\" dir=\"ltr\" data-placeholder=\"Translation\"><span lang=\"hr\">Dr\u017eavni praznici i neradni dani u Sloveniji propisani su Zakonom o praznicima i slobodnim danima u Republici Sloveniji. 2021. imamo 20 praznika, od kojih je 15 dr\u017eavnih praznika, a time i neradnih dana. Njih 5 nisu dr\u017eavni praznici, pa su uobi\u010dajeni radni dani. 2021. radnim danom pasti \u0107e samo 6 dr\u017eavnih praznika &#8211; ostatak \u0107e padati vikendom, koji se u ve\u0107ini industrija smatra neradnim danom.<\/span><\/p>\n<\/div>\n<h2 id=\"tw-target-text\" class=\"tw-data-text tw-text-large XcVN5d tw-ta\" dir=\"ltr\" data-placeholder=\"Translation\"><span lang=\"hr\">Neradni dani u Sloveniji <\/span><\/h2>\n<p class=\"tw-data-text tw-text-large XcVN5d tw-ta\" dir=\"ltr\" data-placeholder=\"Translation\"><span lang=\"hr\">1. i 2. januar &#8211; Nova godina (petak i subota) <\/span><\/p>\n<p class=\"tw-data-text tw-text-large XcVN5d tw-ta\" dir=\"ltr\" data-placeholder=\"Translation\"><span lang=\"hr\">8. februar &#8211; Pre\u0161ernov dan (ponedjeljak) <\/span><\/p>\n<p class=\"tw-data-text tw-text-large XcVN5d tw-ta\" dir=\"ltr\" data-placeholder=\"Translation\"><span lang=\"hr\">5. april &#8211; Uskr\u0161nji ponedeljak (ponedjeljak)<\/span><\/p>\n<p class=\"tw-data-text tw-text-large XcVN5d tw-ta\" dir=\"ltr\" data-placeholder=\"Translation\"><span lang=\"hr\">27. april &#8211; Dan borbe protiv okupatorja (utorak) <\/span><\/p>\n<p class=\"tw-data-text tw-text-large XcVN5d tw-ta\" dir=\"ltr\" data-placeholder=\"Translation\"><span lang=\"hr\">1. i 2. maj &#8211; Praznik rada (subota i nedjelja) <\/span><\/p>\n<p class=\"tw-data-text tw-text-large XcVN5d tw-ta\" dir=\"ltr\" data-placeholder=\"Translation\"><span lang=\"hr\">25. jun &#8211; Dan dr\u017eavnosti (petak) <\/span><\/p>\n<p class=\"tw-data-text tw-text-large XcVN5d tw-ta\" dir=\"ltr\" data-placeholder=\"Translation\"><span lang=\"hr\">15. august &#8211; Velika Gospa (nedjelja) <\/span><\/p>\n<p class=\"tw-data-text tw-text-large XcVN5d tw-ta\" dir=\"ltr\" data-placeholder=\"Translation\"><span lang=\"hr\">31. oktobar &#8211; Dan reforme (nedjelja) <\/span><\/p>\n<p class=\"tw-data-text tw-text-large XcVN5d tw-ta\" dir=\"ltr\" data-placeholder=\"Translation\"><span lang=\"hr\">1. novembar &#8211; Dan sje\u0107anja na mrtve (ponedjeljak) <\/span><\/p>\n<p class=\"tw-data-text tw-text-large XcVN5d tw-ta\" dir=\"ltr\" data-placeholder=\"Translation\"><span lang=\"hr\">25. decembar &#8211; Bo\u017ei\u0107 (subota) <\/span><\/p>\n<p class=\"tw-data-text tw-text-large XcVN5d tw-ta\" dir=\"ltr\" data-placeholder=\"Translation\"><span lang=\"hr\">26. decembar &#8211; Dan nezavistnosti i jedinstva (nedjelja) <\/span><\/p>\n<p class=\"tw-data-text tw-text-large XcVN5d tw-ta\" dir=\"ltr\" data-placeholder=\"Translation\"><span lang=\"hr\">Prema Zakonu, Uskrs i Bijela nedjelja tako\u0111er su neradni dani, ali uvijek padaju u nedjelju. S obzirom na blagdane, zaposlenicima je lak\u0161e planirati odmor i slobodne dane. Tako\u0111er, svoju poslovnu strategiju mo\u017eete oblikovati prema praznicima kada znate da \u0107e ve\u0107ina va\u0161ih klijenata biti nedostupna.<\/span><\/p>\n<div id=\"kAz1tf\" class=\"g9WsWb\">\n<div id=\"tw-target-rmn-container\" class=\"tw-ta-container hide-focus-ring tw-nfl\">\n<h2 id=\"tw-target-rmn\" class=\"tw-data-placeholder tw-text-small tw-ta\" dir=\"ltr\">Radni dani u Sloveniji<\/h2>\n<\/div>\n<div class=\"iYB33c\">\n<div class=\"dlJLJe\">\n<div data-cviv=\"false\" data-ved=\"2ahUKEwifrYyh4ovuAhXB4IUKHUQaDLcQz_AEMAB6BAgCEA8\">\n<div class=\"U9URNb\">\n<p class=\"tw-data-text tw-text-large XcVN5d tw-ta\" dir=\"ltr\" data-placeholder=\"Translation\"><span lang=\"hr\">8. juna &#8211; dan Primo\u017ea Trubara <\/span><\/p>\n<p class=\"tw-data-text tw-text-large XcVN5d tw-ta\" dir=\"ltr\" data-placeholder=\"Translation\"><span lang=\"hr\">17. augusta &#8211; udru\u017eenje Slovenca iz Prekmurja sa njihovom domovinom<\/span><\/p>\n<p class=\"tw-data-text tw-text-large XcVN5d tw-ta\" dir=\"ltr\" data-placeholder=\"Translation\"><span lang=\"hr\">15. septembra &#8211; povratak Primorske u mati\u010dnoj domovini<\/span><\/p>\n<p class=\"tw-data-text tw-text-large XcVN5d tw-ta\" dir=\"ltr\" data-placeholder=\"Translation\"><span lang=\"hr\">25. oktobra &#8211; dan suvereniteta<\/span><\/p>\n<p class=\"tw-data-text tw-text-large XcVN5d tw-ta\" dir=\"ltr\" data-placeholder=\"Translation\"><span lang=\"hr\">23. novembra &#8211; Dan Rudolfa Maistra<\/span><\/p>\n<\/div>\n<div class=\"U9URNb\">\n<h2 id=\"tw-target-text\" class=\"tw-data-text tw-text-large XcVN5d tw-ta\" dir=\"ltr\" data-placeholder=\"Translation\"><span lang=\"hr\">Praznici u susjednim zemljama <\/span><\/h2>\n<h2 class=\"tw-data-text tw-text-large XcVN5d tw-ta\" dir=\"ltr\" data-placeholder=\"Translation\"><span lang=\"hr\">Praznici u Austriji <\/span><\/h2>\n<p class=\"tw-data-text tw-text-large XcVN5d tw-ta\" dir=\"ltr\" data-placeholder=\"Translation\"><span lang=\"hr\">1.1.2021 &#8211; Nova godina <\/span><\/p>\n<p class=\"tw-data-text tw-text-large XcVN5d tw-ta\" dir=\"ltr\" data-placeholder=\"Translation\"><span lang=\"hr\">6.1.2021\u00a0 Sveta tri kralja \/ Epifanija <\/span><\/p>\n<p class=\"tw-data-text tw-text-large XcVN5d tw-ta\" dir=\"ltr\" data-placeholder=\"Translation\"><span lang=\"hr\">5.4.2021 &#8211; Uskr\u0161nji ponedeljak <\/span><\/p>\n<p class=\"tw-data-text tw-text-large XcVN5d tw-ta\" dir=\"ltr\" data-placeholder=\"Translation\"><span lang=\"hr\">1.4.2021 &#8211; Praznik rada <\/span><\/p>\n<p class=\"tw-data-text tw-text-large XcVN5d tw-ta\" dir=\"ltr\" data-placeholder=\"Translation\"><span lang=\"hr\">13.5.2021 &#8211; Uza\u0161a\u0161\u0107e Isusa<\/span><\/p>\n<p class=\"tw-data-text tw-text-large XcVN5d tw-ta\" dir=\"ltr\" data-placeholder=\"Translation\"><span lang=\"hr\">24.5.2021 &#8211; Pentekostni ponedeljak<\/span><\/p>\n<p class=\"tw-data-text tw-text-large XcVN5d tw-ta\" dir=\"ltr\" data-placeholder=\"Translation\"><span lang=\"hr\">3.6.2021 &#8211; Tijelovo <\/span><\/p>\n<p class=\"tw-data-text tw-text-large XcVN5d tw-ta\" dir=\"ltr\" data-placeholder=\"Translation\"><span lang=\"hr\">15.8.2021 &#8211; Velika Gospa <\/span><\/p>\n<p class=\"tw-data-text tw-text-large XcVN5d tw-ta\" dir=\"ltr\" data-placeholder=\"Translation\"><span lang=\"hr\">26.10.2021 &#8211; Nacionalni praznik<\/span><\/p>\n<p class=\"tw-data-text tw-text-large XcVN5d tw-ta\" dir=\"ltr\" data-placeholder=\"Translation\"><span lang=\"hr\">1.11.2021 &#8211; Dan svih svetih<\/span><\/p>\n<p class=\"tw-data-text tw-text-large XcVN5d tw-ta\" dir=\"ltr\" data-placeholder=\"Translation\"><span lang=\"hr\">8.12.2021 &#8211; Bezgrje\u0161no za\u010de\u0107e <\/span><\/p>\n<p class=\"tw-data-text tw-text-large XcVN5d tw-ta\" dir=\"ltr\" data-placeholder=\"Translation\"><span lang=\"hr\">25.12.2021 &#8211; Bo\u017ei\u0107 <\/span><\/p>\n<p class=\"tw-data-text tw-text-large XcVN5d tw-ta\" dir=\"ltr\" data-placeholder=\"Translation\"><span lang=\"hr\">26.12.2021 &#8211; Sveti Stjepan<\/span><\/p>\n<\/div>\n<\/div>\n<\/div>\n<div id=\"tw-tmenu\" class=\"tw-menu\">\n<h2 id=\"tw-target-text\" class=\"tw-data-text tw-text-large XcVN5d tw-ta\" dir=\"ltr\" data-placeholder=\"Translation\"><span lang=\"hr\">Praznici u Hrvatskoj<\/span><\/h2>\n<p class=\"tw-data-text tw-text-large XcVN5d tw-ta\" dir=\"ltr\" data-placeholder=\"Translation\"><span lang=\"hr\">1.1.2021 &#8211; Nova godina <\/span><\/p>\n<p class=\"tw-data-text tw-text-large XcVN5d tw-ta\" dir=\"ltr\" data-placeholder=\"Translation\"><span lang=\"hr\">6.1.2021 &#8211; Sveta tri kralja \/ Epifanija <\/span><\/p>\n<p class=\"tw-data-text tw-text-large XcVN5d tw-ta\" dir=\"ltr\" data-placeholder=\"Translation\"><span lang=\"hr\">5.4.2021 &#8211; Uskr\u0161nji ponedeljak <\/span><\/p>\n<p class=\"tw-data-text tw-text-large XcVN5d tw-ta\" dir=\"ltr\" data-placeholder=\"Translation\"><span lang=\"hr\">1.5.2021 &#8211; Praznik rada <\/span><\/p>\n<p class=\"tw-data-text tw-text-large XcVN5d tw-ta\" dir=\"ltr\" data-placeholder=\"Translation\"><span lang=\"hr\">30.5.2021 &#8211; Dan dr\u017eavnosti <\/span><\/p>\n<p class=\"tw-data-text tw-text-large XcVN5d tw-ta\" dir=\"ltr\" data-placeholder=\"Translation\"><span lang=\"hr\">3.6.2021 &#8211; Tijelovo <\/span><\/p>\n<p class=\"tw-data-text tw-text-large XcVN5d tw-ta\" dir=\"ltr\" data-placeholder=\"Translation\"><span lang=\"hr\">22.6.2021 &#8211; Dan antifa\u0161isti\u010dkog otpora<\/span><\/p>\n<p class=\"tw-data-text tw-text-large XcVN5d tw-ta\" dir=\"ltr\" data-placeholder=\"Translation\"><span lang=\"hr\">5.8.2021 &#8211; Dan pobede i Dan zahvalnosti<\/span><\/p>\n<p class=\"tw-data-text tw-text-large XcVN5d tw-ta\" dir=\"ltr\" data-placeholder=\"Translation\"><span lang=\"hr\">15.8.2021 &#8211; Velika Gospa <\/span><\/p>\n<p class=\"tw-data-text tw-text-large XcVN5d tw-ta\" dir=\"ltr\" data-placeholder=\"Translation\"><span lang=\"hr\">8.10.2021 &#8211; Dan nezavisnosti<\/span><\/p>\n<p class=\"tw-data-text tw-text-large XcVN5d tw-ta\" dir=\"ltr\" data-placeholder=\"Translation\"><span lang=\"hr\">1.11.2021 &#8211; Dan svih svetih <\/span><\/p>\n<p class=\"tw-data-text tw-text-large XcVN5d tw-ta\" dir=\"ltr\" data-placeholder=\"Translation\"><span lang=\"hr\">18.11.2021 &#8211; Dan sje\u0107anja <\/span><\/p>\n<p class=\"tw-data-text tw-text-large XcVN5d tw-ta\" dir=\"ltr\" data-placeholder=\"Translation\"><span lang=\"hr\">25.12.2021 &#8211; Bo\u017ei\u0107 <\/span><\/p>\n<p class=\"tw-data-text tw-text-large XcVN5d tw-ta\" dir=\"ltr\" data-placeholder=\"Translation\"><span lang=\"hr\">26.12.2021 &#8211; Sveti Stjepan<\/span><\/p>\n<\/div>\n<h2 id=\"tw-target-text\" class=\"tw-data-text tw-text-large XcVN5d tw-ta\" dir=\"ltr\" data-placeholder=\"Translation\"><span lang=\"hr\">Praznici u Italiji <\/span><\/h2>\n<p class=\"tw-data-text tw-text-large XcVN5d tw-ta\" dir=\"ltr\" data-placeholder=\"Translation\"><span lang=\"hr\">1.1.2021 &#8211; Nova godina <\/span><\/p>\n<p class=\"tw-data-text tw-text-large XcVN5d tw-ta\" dir=\"ltr\" data-placeholder=\"Translation\"><span lang=\"hr\">6.1.2021 &#8211; Sveta tri kralja \/ Epifanija <\/span><\/p>\n<p class=\"tw-data-text tw-text-large XcVN5d tw-ta\" dir=\"ltr\" data-placeholder=\"Translation\"><span lang=\"hr\">4.4.2021 &#8211; Uskrs <\/span><\/p>\n<p class=\"tw-data-text tw-text-large XcVN5d tw-ta\" dir=\"ltr\" data-placeholder=\"Translation\"><span lang=\"hr\">5.4.2021 &#8211; Uskr\u0161nji ponedeljak <\/span><\/p>\n<p class=\"tw-data-text tw-text-large XcVN5d tw-ta\" dir=\"ltr\" data-placeholder=\"Translation\"><span lang=\"hr\">25.4.2021 &#8211; Dan oslobo\u0111enja <\/span><\/p>\n<p class=\"tw-data-text tw-text-large XcVN5d tw-ta\" dir=\"ltr\" data-placeholder=\"Translation\"><span lang=\"hr\">1.5.2021 &#8211; Praznik rada<\/span><\/p>\n<p class=\"tw-data-text tw-text-large XcVN5d tw-ta\" dir=\"ltr\" data-placeholder=\"Translation\"><span lang=\"hr\">2.6.2021 &#8211; Dan Republike <\/span><\/p>\n<p class=\"tw-data-text tw-text-large XcVN5d tw-ta\" dir=\"ltr\" data-placeholder=\"Translation\"><span lang=\"hr\">15.8.2021 &#8211; Velika Gospa <\/span><\/p>\n<p class=\"tw-data-text tw-text-large XcVN5d tw-ta\" dir=\"ltr\" data-placeholder=\"Translation\"><span lang=\"hr\">1.11.2021 &#8211; Dan svih svetih <\/span><\/p>\n<p class=\"tw-data-text tw-text-large XcVN5d tw-ta\" dir=\"ltr\" data-placeholder=\"Translation\"><span lang=\"hr\">8.12.2021\u00a0 &#8211; Praznik device Marije<\/span><\/p>\n<p class=\"tw-data-text tw-text-large XcVN5d tw-ta\" dir=\"ltr\" data-placeholder=\"Translation\"><span lang=\"hr\">25.12.2021 &#8211; Bo\u017ei\u0107 <\/span><\/p>\n<p class=\"tw-data-text tw-text-large XcVN5d tw-ta\" dir=\"ltr\" data-placeholder=\"Translation\"><span lang=\"hr\">26.12.2021 &#8211;\u00a0 Sveti Stjepan<\/span><\/p>\n<\/div>\n<\/div>\n<\/div>\n<\/div>\n<\/div>\n<div><\/div>\n<h2 id=\"tw-images\">Praznici u Ma\u0111arskoj<\/h2>\n<div class=\"dURPtb\">\n<p class=\"tw-data-text tw-text-large XcVN5d tw-ta\" dir=\"ltr\" data-placeholder=\"Translation\"><span lang=\"hr\">1.1.2021 &#8211; Nova godina <\/span><\/p>\n<p class=\"tw-data-text tw-text-large XcVN5d tw-ta\" dir=\"ltr\" data-placeholder=\"Translation\"><span lang=\"hr\">15.3.2021 &#8211; Dan revolucije<\/span><\/p>\n<p class=\"tw-data-text tw-text-large XcVN5d tw-ta\" dir=\"ltr\" data-placeholder=\"Translation\"><span lang=\"hr\">2.4.2021\u00a0 &#8211; Veliki petak <\/span><\/p>\n<p class=\"tw-data-text tw-text-large XcVN5d tw-ta\" dir=\"ltr\" data-placeholder=\"Translation\"><span lang=\"hr\">4.4.2021\u00a0 &#8211; Uskrs <\/span><\/p>\n<p class=\"tw-data-text tw-text-large XcVN5d tw-ta\" dir=\"ltr\" data-placeholder=\"Translation\"><span lang=\"hr\">5.4.2021 &#8211; Uskr\u0161nji ponedeljak <\/span><\/p>\n<p class=\"tw-data-text tw-text-large XcVN5d tw-ta\" dir=\"ltr\" data-placeholder=\"Translation\"><span lang=\"hr\">1.5.2021 &#8211; Praznik rada <\/span><\/p>\n<p class=\"tw-data-text tw-text-large XcVN5d tw-ta\" dir=\"ltr\" data-placeholder=\"Translation\"><span lang=\"hr\">24.5.2021 &#8211; Pentakostalni ponedeljak<\/span><\/p>\n<p class=\"tw-data-text tw-text-large XcVN5d tw-ta\" dir=\"ltr\" data-placeholder=\"Translation\"><span lang=\"hr\">20.8.2021 &#8211; Sveti Stjepan<\/span><\/p>\n<p class=\"tw-data-text tw-text-large XcVN5d tw-ta\" dir=\"ltr\" data-placeholder=\"Translation\"><span lang=\"hr\">23.10.2021 &#8211; Dan dr\u017eavnosti<\/span><\/p>\n<p class=\"tw-data-text tw-text-large XcVN5d tw-ta\" dir=\"ltr\" data-placeholder=\"Translation\"><span lang=\"hr\">1.11.2021 &#8211; Dan svih svetih <\/span><\/p>\n<p class=\"tw-data-text tw-text-large XcVN5d tw-ta\" dir=\"ltr\" data-placeholder=\"Translation\"><span lang=\"hr\">25.12.2021 &#8211; Bo\u017ei\u0107 <\/span><\/p>\n<p class=\"tw-data-text tw-text-large XcVN5d tw-ta\" dir=\"ltr\" data-placeholder=\"Translation\"><span lang=\"hr\">26.12.2021 &#8211; 2. dan Bo\u017ei\u0107a<\/span><\/p>\n<p dir=\"ltr\" data-placeholder=\"Translation\">\n<\/div>\n<div>\n<div>\n<div id=\"tw-ob\" class=\"tw-src-ltr\">\n<div class=\"oSioSc\">\n<div id=\"tw-target\">\n<div id=\"kAz1tf\" class=\"g9WsWb\">\n<div class=\"iYB33c\">\n<h2 dir=\"ltr\" data-placeholder=\"Translation\">Otvarate firmu u Sloveniji?<\/h2>\n<\/div>\n<\/div>\n<\/div>\n<\/div>\n<\/div>\n<div id=\"tw-images\">\n<p>Obratite se DATA d.o.o. za konsultacije i podr\u0161ku pri registraciji kompanije u Sloveniji! Ne propustite jedinstvenu priliku da saznate vi\u0161e o registraciji firme u Sloveniji i drugim vrstama kompanija koje mo\u017eete da registrujete. DATA vam mo\u017ee pru\u017eiti punu podr\u0161ku u konsultacijama i registraciji kompanije.<\/p>\n<blockquote><p><strong>Planirate da otvorite firmu u Sloveniji<\/strong>? Nazovite na\u0161e stru\u010dnjake na broj +386 1 6006 274 (fiksni telefon) ili +386 64173023 (Viber\/WhatsApp) ili nam pi\u0161ite na email <a href=\"https:\/\/data.si\/srb\/kontakt\/\"><strong>data@data.si.\u00a0<\/strong><\/a><strong>Tako\u0111e vam predla\u017eemo da posetite na\u0161 <a href=\"https:\/\/www.facebook.com\/Data-doo-Osnivanje-firme-706699876048920\/\" target=\"_blank\" rel=\"noopener noreferrer\">Facebook<\/a>.<\/strong><\/p><\/blockquote>\n<p>&nbsp;<\/p>\n<\/div>\n<\/div>\n<\/div>\n<\/div>\n<\/div>\n<p class=\"KFFQ0c\">\n","protected":false},"excerpt":{"rendered":"<p>Praznici u 2021. godini va\u017ean su podatak za poduzetnike. Kada poslujete na novom teritoriju, dobro je znati kada ta zemlja ima praznike i neradne dane. Na ovaj na\u010din mo\u017eete u\u010dinkovitije planirati svoje poslovanje. Znate li kada su blagdani u Sloveniji i susjednim zemljama? Znate li koji su praznici 2021. ujedno i neradni dani? Da li [&hellip;]<\/p>\n","protected":false},"author":16,"featured_media":13379,"comment_status":"closed","ping_status":"closed","sticky":false,"template":"","format":"standard","meta":{"footnotes":""},"categories":[1,10],"tags":[109,106,12,1542],"yst_prominent_words":[],"class_list":["post-13371","post","type-post","status-publish","format-standard","has-post-thumbnail","hentry","category-biznis","category-eu","tag-biznis-u-eu","tag-biznis-u-sloveniji","tag-otvaranje-firme-u-sloveniji","tag-praznici-u-2021-godini"],"featured_image_src":{"landsacpe":["https:\/\/data.si\/hr\/wp-content\/uploads\/2021\/01\/Blagdani-u-Sloveniji-i-u-inostranstvu-u-2021.-godini-800x445.jpg",800,445,true],"list":["https:\/\/data.si\/hr\/wp-content\/uploads\/2021\/01\/Blagdani-u-Sloveniji-i-u-inostranstvu-u-2021.-godini-463x348.jpg",463,348,true],"medium":["https:\/\/data.si\/hr\/wp-content\/uploads\/2021\/01\/Blagdani-u-Sloveniji-i-u-inostranstvu-u-2021.-godini-300x188.jpg",300,188,true],"full":["https:\/\/data.si\/hr\/wp-content\/uploads\/2021\/01\/Blagdani-u-Sloveniji-i-u-inostranstvu-u-2021.-godini.jpg",800,500,false]},"_links":{"self":[{"href":"https:\/\/data.si\/hr\/wp-json\/wp\/v2\/posts\/13371","targetHints":{"allow":["GET"]}}],"collection":[{"href":"https:\/\/data.si\/hr\/wp-json\/wp\/v2\/posts"}],"about":[{"href":"https:\/\/data.si\/hr\/wp-json\/wp\/v2\/types\/post"}],"author":[{"embeddable":true,"href":"https:\/\/data.si\/hr\/wp-json\/wp\/v2\/users\/16"}],"replies":[{"embeddable":true,"href":"https:\/\/data.si\/hr\/wp-json\/wp\/v2\/comments?post=13371"}],"version-history":[{"count":11,"href":"https:\/\/data.si\/hr\/wp-json\/wp\/v2\/posts\/13371\/revisions"}],"predecessor-version":[{"id":13383,"href":"https:\/\/data.si\/hr\/wp-json\/wp\/v2\/posts\/13371\/revisions\/13383"}],"wp:featuredmedia":[{"embeddable":true,"href":"https:\/\/data.si\/hr\/wp-json\/wp\/v2\/media\/13379"}],"wp:attachment":[{"href":"https:\/\/data.si\/hr\/wp-json\/wp\/v2\/media?parent=13371"}],"wp:term":[{"taxonomy":"category","embeddable":true,"href":"https:\/\/data.si\/hr\/wp-json\/wp\/v2\/categories?post=13371"},{"taxonomy":"post_tag","embeddable":true,"href":"https:\/\/data.si\/hr\/wp-json\/wp\/v2\/tags?post=13371"},{"taxonomy":"yst_prominent_words","embeddable":true,"href":"https:\/\/data.si\/hr\/wp-json\/wp\/v2\/yst_prominent_words?post=13371"}],"curies":[{"name":"wp","href":"https:\/\/api.w.org\/{rel}","templated":true}]}}