{"id":13265,"date":"2020-12-07T12:58:13","date_gmt":"2020-12-07T11:58:13","guid":{"rendered":"https:\/\/data.si\/hr\/?p=13265"},"modified":"2020-12-07T12:58:13","modified_gmt":"2020-12-07T11:58:13","slug":"ambalaza-predstojece-zakonske-izmjene","status":"publish","type":"post","link":"https:\/\/data.si\/hr\/ambalaza-predstojece-zakonske-izmjene\/","title":{"rendered":"Ambala\u017ea \u2013 predstoje\u0107e zakonske izmjene!"},"content":{"rendered":"<p>Ispod ambala\u017ee razmatramo sve proizvode bilo kojeg materijala koji se koristi za dr\u017eanje, okru\u017eivanje ili dr\u017eanje robe na okupu. Konkretno, njegova je svrha za\u0161tititi robu u slu\u010daju dostave blage isporuke od svog proizvo\u0111a\u010da korisniku ili potro\u0161a\u010du. Ambala\u017ea koju trgova\u010dka dru\u0161tva stave na tr\u017ei\u0161te Republike Slovenije (RS) mora se \u010duvati u skladu s <a href=\"http:\/\/www.pisrs.si\/Pis.web\/pregledPredpisa?id=PRAV6416\">Uredbom o gospodarenju ambala\u017eom i ambala\u017enim otpadom<\/a>\u00a0(&#8220;Uredba&#8221;) i prijaviti Agenciji za okoli\u0161 (ARSO). Ako ne, prijavitelji mogu biti ka\u017enjeni nov\u010danom kaznom u iznosu do 4 000 EUR.<\/p>\n<p style=\"text-align: justify;\"><span style=\"font-family: 'Georgia',serif; color: #333333;\">Da li planirate\u00a0<a href=\"https:\/\/data.si\/hr\/kratak-vodic-za-otvaranje-firme-u-sloveniji\/\"><strong><span style=\"font-family: 'Georgia',serif;\">otvoriti svoju firmu<\/span><\/strong><\/a>\u00a0u Sloveniji?<\/span><\/p>\n<blockquote>\n<p style=\"text-align: justify;\"><strong><span style=\"font-family: 'Georgia',serif; color: #333333;\">Prijavite se na na\u0161 besplatni webinar za otvaranje firme u Sloveniji ovde:<\/span><\/strong><\/p>\n<p style=\"text-align: center;\" align=\"center\"><strong><span style=\"font-family: 'Georgia',serif; color: #333333;\"><a title=\"Prijava na webinar\" href=\"https:\/\/data.si\/hr\/prijava-na-webinar-sirenje-poslovanja-na-teritorij-slovenije\/\">Prijava na webinar<\/a><\/span><\/strong><\/p>\n<p>&nbsp;<\/p>\n<p style=\"text-align: justify;\"><span style=\"font-family: 'Georgia',serif; color: #333333;\">Nazovite na\u0161e stru\u010dnjake na broj +386 1 6006 274 (fiksni telefon) ili +386 64173023 (Viber\/WhatsApp) ili nam pi\u0161ite na email <a href=\"https:\/\/data.si\/srb\/kontakt\/\"><strong><span style=\"font-family: 'Georgia',serif;\">data@data.si.<\/span><\/strong><\/a><\/span><\/p>\n<\/blockquote>\n<p style=\"text-align: justify; -webkit-text-stroke-width: 0px; word-spacing: 0px;\"><span style=\"font-family: 'Georgia',serif; color: #333333;\">Ukoliko \u017eelite da\u00a0<strong><span style=\"font-family: 'Georgia',serif;\"><a href=\"https:\/\/data.si\/srb\/otvaranje-firme\/\">registrujete firmu u Sloveniji<\/a><\/span><\/strong>, DATA vam mo\u017ee pomo\u0107i i odgovoriti na sva va\u0161a pitanja u vezi\u00a0<strong><span style=\"font-family: 'Georgia',serif;\"><a href=\"https:\/\/data.si\/srb\/sta-je-potrebno-za-otvaranje-firme\/\">\u0161ta vam je potrebno za otvaranje firme u Sloveniji<\/a><\/span><\/strong>. DATA je ovla\u0161tena od strane vlade da registrujemo kompanije. Na\u0161i savetnici vam mogu ponuditi potpunu podr\u0161ku i <strong><span style=\"font-family: 'Georgia',serif;\"><a href=\"https:\/\/data.si\/srb\/otvaranje-firme-doo-u-sloveniji-i-eu\/\">registrovati d.o.o.<\/a><\/span><\/strong>\u00a0u na\u0161im prostorijama.\u00a0Na\u0161e knjigovo\u0111e mogu ponuditi\u00a0<strong><span style=\"font-family: 'Georgia',serif;\"><a title=\"Knjigovodstvene usluge u Sloveniji\" href=\"https:\/\/data.si\/srb\/knjigovodstvene-usluge\/\">knjigovodstvene<\/a><\/span><\/strong>, poreske i finansijske usluge u skladu sa slovena\u010dkim knjigovodstvenim standardima. Data ima\u00a045 stru\u010dnjaka sa razli\u010ditih podru\u010dja, koji vam mogu ponuditi\u00a0<strong><span style=\"font-family: 'Georgia',serif;\"><a title=\"Poslovno savetovanje u Sloveniji\" href=\"https:\/\/data.si\/srb\/poslovno-savetovanje\/\">poslovno savetovanje<\/a><\/span><\/strong>\u00a0u vezi oporezivanja, radnog zakonodavstva, osoblja i preduzetni\u0161tva. Imamo tako\u0111e i\u00a0<strong><span style=\"font-family: 'Georgia',serif;\"><a title=\"Pravno savetovanje za biznis u Sloveniji\" href=\"https:\/\/data.si\/srb\/pravno-savetovanje\/\">pravnike u DATI<\/a><\/span><\/strong>, koji vam mogu pripremiti ugovore iz civilnog i privrednog prava u skladu sa slovena\u010dkim zakonodavstvom.<\/span><\/p>\n<h2>Ambala\u017ea &#8211; \u0161ta uklju\u010duje?<\/h2>\n<p>Ambala\u017ea je (evo nekoliko primjera uzetih iz Nacrta izmjena Uredbe o gospodarenju emabala\u017eom i ambala\u017enim otpadom) :<\/p>\n<ul>\n<li>folija omotana oko CD kutije<\/li>\n<li>naslovnice za slanje kataloga i \u010dasopisa (s \u010dasopisima),<\/li>\n<li>torte koje se prodaju zajedno s kola\u010dima,<\/li>\n<li>role, cijevi i cilindri oko kojih se radi fleksibilan materijal (npr. plasti\u010dna folija, aluminij, papir),<\/li>\n<li>kutije za \u0161ibice<\/li>\n<li>kapsule za automate za pi\u0107e (npr. kava, kakao, mlijeko) koji se prazne kada se koriste.<\/li>\n<\/ul>\n<p>&nbsp;<\/p>\n<p>Da li vas zanima, koje su popularne delatnosti slovena\u010dkih firmi?<\/p>\n<p><strong>Mo\u017eete se prijaviti na besplatni webinar ovde:<\/strong><\/p>\n<p style=\"text-align: center;\"><strong><a class=\"link-orange-button button-medium\" title=\"Webinar: Prijava na webinar: POPULARNE DELATNOSTI FIRMI U SLOVENIJI\" href=\"https:\/\/data.si\/srb\/popularne-delatnosti-firmi-u-sloveniji\/\">Prijava na webinar: POPULARNE DELATNOSTI FIRMI U SLOVENIJI<\/a><\/strong><\/p>\n<h2>\u0160to se ne smatra kao ambala\u017ea?<\/h2>\n<p>Ambala\u017ea nisu:<\/p>\n<ul>\n<li>posude za cvije\u0107e u kojima biljke ostaju cijeli \u017eivot,<\/li>\n<li>kutije s alatima,<\/li>\n<li>vre\u0107ice za filtriranje \u010daja,<\/li>\n<li>kapsule za aparat za kavu, vre\u0107ice za kavu od folije i papirnati filter ulo\u0161ci za kavu koji se koriste zajedno s kori\u0161tenim proizvodom za kavu,<\/li>\n<li>ulo\u0161ci pisa\u010da,<\/li>\n<li>kutije za CD-ove, DVD-ove i videokase (prodaju se zajedno s CD-om, DVD-om).<\/li>\n<\/ul>\n<h2>Pro\u0161irena odgovornost proizvo\u0111a\u010da ponovno se regulira<\/h2>\n<p>Slovenska poduze\u0107a suo\u010davaju se s nekim promjenama u podru\u010dju ambala\u017ee otkako je nacrt novele Uredbe podnesen na javno razmatranje u kolovozu. U nastavku sa\u017eimamo neke od izmjena i dopuna novele Uredbe.<\/p>\n<p>Predlo\u017eena novela ina\u010de ure\u0111a pro\u0161ireno odgovorno\u0161\u0107u proizvo\u0111a\u010da za osobe koje ambala\u017eu plasiraju na tr\u017ei\u0161te RS. \u0160ta to zna\u010di? To zna\u010di da vi\u0161e ne\u0107e pla\u0107ati samo tro\u0161kove rukovanja ambala\u017enim otpadom, ve\u0107 \u0107e imati financijsku i organizacijsku obvezu za sve proizvo\u0111a\u010de osigurati da se sav ambala\u017eni otpad tretira na podru\u010dju RS.<\/p>\n<h2>Tko se smatra kao proizvo\u0111a\u010d?<\/h2>\n<p>Tako\u0111er se ponovno utvr\u0111uje tko je proizvo\u0111a\u010d koji ima tu obvezu i \u0161to se smatra stavljanjem na tr\u017ei\u0161te RS. Kao rezultat promjene, svaka pravna osoba i samostalni vlasnik koji stavlja ambala\u017eu na tr\u017ei\u0161te RS, smatra se kao proizvo\u0111a\u010d. Isto tako, kao proizvo\u0111a\u010d ra\u010duna se i inozemni poduzetnik koji prodaje servisnu ambala\u017eu krajnjom potro\u0161a\u010du putem sredstava za komunikaciju na daljinu.<\/p>\n<blockquote><p>&nbsp;<\/p>\n<p>Razmi\u0161ljate o registraciji <a href=\"https:\/\/data.si\/srb\/registracija-gradjevinske-firme-u-sloveniji-na-daljinu\/\"><strong>gra\u0111evinske firme u Sloveniji<\/strong><\/a>? Prijavite se na\u00a0<strong>besplatni webinar ovde<\/strong>:<\/p><\/blockquote>\n<p style=\"text-align: center;\"><a href=\"https:\/\/data.si\/srb\/prijava-na-webinar-otvaranje-gradjevinskog-preduzeca-u-sloveniji\/\"><strong>Prijava na webinar<\/strong><\/a><\/p>\n<h2>Ukidanje kvantitativnog praga<\/h2>\n<p>Prema va\u017ee\u0107oj Uredbi, poduze\u0107a ne moraju pla\u0107ati tro\u0161kove stavljanja ambala\u017ee na tr\u017ei\u0161te onima koji stavljaju na tr\u017ei\u0161te do 15 000 kg ili 15 tona ambala\u017ee godi\u0161nje. Me\u0111utim, novela sada predla\u017ee ukidanje kvantitativnog praga za nastalu obvezu pla\u0107anja tro\u0161kova rukovanja ambala\u017enim otpadom. U tom smislu predla\u017ee se i pla\u0107anje pau\u0161alnog iznosa za one proizvo\u0111a\u010de koji na tr\u017ei\u0161te na podru\u010dju RS godi\u0161nje plasiraju ambala\u017eu manju od 1000 kg. Me\u0111utim, potonje se i dalje ne\u0107e odnositi na PVC ambala\u017eu, ambala\u017eu u koju su omotane opasne robe i plasti\u010dne vre\u0107ice za no\u0161enje.<\/p>\n<blockquote><p>Planirate da registrujete <a href=\"https:\/\/data.si\/srb\/otvaranje-transportne-firme-u-sloveniji-i-eu\/\"><strong>transportnu firmu u Sloveniji<\/strong><\/a>? Prijavite se na <strong>besplatni webinar ovde<\/strong>:<\/p><\/blockquote>\n<p style=\"text-align: center;\"><strong><a class=\"link-orange-button button-medium\" title=\"Prijava na webinar\" href=\"https:\/\/data.si\/srb\/prijava-na-webinar-otvaranje-transportnog-preduzeca-u-sloveniji\/\">Prijava na webinar<\/a><\/strong><\/p>\n<p>&nbsp;<\/p>\n<h2>Ambala\u017ee &#8211; Promjene u izvje\u0161\u0107ivanju<\/h2>\n<p>Promjena donosi i novelu producentima. Razlog tome je \u0161to \u0107e se upravljati samo podacima o proizvo\u0111a\u010dima i njihovim aktivnostima, a ne o vrsti i te\u017eini ambala\u017ee koju plasiraju na tr\u017ei\u0161te RS.<\/p>\n<p>Me\u0111utim, odre\u0111ene odredbe uredbe koje su na snazi komplementarne su.<\/p>\n<p>&nbsp;<\/p>\n<h2>Otvarate firmu u Sloveniji?<\/h2>\n<p>Obratite se DATA d.o.o. za konsultacije i podr\u0161ku pri registraciji kompanije u Sloveniji! Ne propustite jedinstvenu priliku da saznate vi\u0161e o registraciji firme u Sloveniji i drugim vrstama kompanija koje mo\u017eete da registrujete. DATA vam mo\u017ee pru\u017eiti punu podr\u0161ku u konsultacijama i registraciji kompanije.<\/p>\n<blockquote><p><strong>Planirate da otvorite firmu u Sloveniji<\/strong>? Nazovite na\u0161e stru\u010dnjake na broj +386 1 6006 274 (fiksni telefon) ili +386 64173023 (Viber\/WhatsApp) ili nam pi\u0161ite na email <a href=\"https:\/\/data.si\/srb\/kontakt\/\"><strong>data@data.si.\u00a0<\/strong><\/a><strong>Tako\u0111e vam predla\u017eemo da posetite na\u0161\u00a0<\/strong><a href=\"https:\/\/www.facebook.com\/Data-doo-Osnivanje-firme-706699876048920\/\" target=\"_blank\" rel=\"noopener noreferrer\"><strong>Facebook<\/strong><\/a><strong>.<\/strong><\/p><\/blockquote>\n<p>&nbsp;<\/p>\n<p>&nbsp;<\/p>\n<p>&nbsp;<\/p>\n<p>&nbsp;<\/p>\n<p>&nbsp;<\/p>\n","protected":false},"excerpt":{"rendered":"<p>Ispod ambala\u017ee razmatramo sve proizvode bilo kojeg materijala koji se koristi za dr\u017eanje, okru\u017eivanje ili dr\u017eanje robe na okupu. Konkretno, njegova je svrha za\u0161tititi robu u slu\u010daju dostave blage isporuke od svog proizvo\u0111a\u010da korisniku ili potro\u0161a\u010du. Ambala\u017ea koju trgova\u010dka dru\u0161tva stave na tr\u017ei\u0161te Republike Slovenije (RS) mora se \u010duvati u skladu s Uredbom o gospodarenju [&hellip;]<\/p>\n","protected":false},"author":16,"featured_media":13285,"comment_status":"closed","ping_status":"closed","sticky":false,"template":"","format":"standard","meta":{"footnotes":""},"categories":[1,10],"tags":[1535,109,106,82],"yst_prominent_words":[],"class_list":["post-13265","post","type-post","status-publish","format-standard","has-post-thumbnail","hentry","category-biznis","category-eu","tag-ambalaza","tag-biznis-u-eu","tag-biznis-u-sloveniji","tag-otvaranje-firme"],"featured_image_src":{"landsacpe":["https:\/\/data.si\/hr\/wp-content\/uploads\/2020\/12\/bigstock-Stack-of-colored-CD-DVD-case-i-25794185-web-800x445.jpg",800,445,true],"list":["https:\/\/data.si\/hr\/wp-content\/uploads\/2020\/12\/bigstock-Stack-of-colored-CD-DVD-case-i-25794185-web-463x348.jpg",463,348,true],"medium":["https:\/\/data.si\/hr\/wp-content\/uploads\/2020\/12\/bigstock-Stack-of-colored-CD-DVD-case-i-25794185-web-300x188.jpg",300,188,true],"full":["https:\/\/data.si\/hr\/wp-content\/uploads\/2020\/12\/bigstock-Stack-of-colored-CD-DVD-case-i-25794185-web.jpg",800,500,false]},"_links":{"self":[{"href":"https:\/\/data.si\/hr\/wp-json\/wp\/v2\/posts\/13265","targetHints":{"allow":["GET"]}}],"collection":[{"href":"https:\/\/data.si\/hr\/wp-json\/wp\/v2\/posts"}],"about":[{"href":"https:\/\/data.si\/hr\/wp-json\/wp\/v2\/types\/post"}],"author":[{"embeddable":true,"href":"https:\/\/data.si\/hr\/wp-json\/wp\/v2\/users\/16"}],"replies":[{"embeddable":true,"href":"https:\/\/data.si\/hr\/wp-json\/wp\/v2\/comments?post=13265"}],"version-history":[{"count":9,"href":"https:\/\/data.si\/hr\/wp-json\/wp\/v2\/posts\/13265\/revisions"}],"predecessor-version":[{"id":13274,"href":"https:\/\/data.si\/hr\/wp-json\/wp\/v2\/posts\/13265\/revisions\/13274"}],"wp:featuredmedia":[{"embeddable":true,"href":"https:\/\/data.si\/hr\/wp-json\/wp\/v2\/media\/13285"}],"wp:attachment":[{"href":"https:\/\/data.si\/hr\/wp-json\/wp\/v2\/media?parent=13265"}],"wp:term":[{"taxonomy":"category","embeddable":true,"href":"https:\/\/data.si\/hr\/wp-json\/wp\/v2\/categories?post=13265"},{"taxonomy":"post_tag","embeddable":true,"href":"https:\/\/data.si\/hr\/wp-json\/wp\/v2\/tags?post=13265"},{"taxonomy":"yst_prominent_words","embeddable":true,"href":"https:\/\/data.si\/hr\/wp-json\/wp\/v2\/yst_prominent_words?post=13265"}],"curies":[{"name":"wp","href":"https:\/\/api.w.org\/{rel}","templated":true}]}}