{"id":11874,"date":"2020-04-22T15:12:41","date_gmt":"2020-04-22T13:12:41","guid":{"rendered":"https:\/\/data.si\/hr\/?p=11874"},"modified":"2020-04-24T09:42:26","modified_gmt":"2020-04-24T07:42:26","slug":"upuceni-radnici-na-rad-u-eu-placanje-doprinosa-za-vreme-koronavirusa","status":"publish","type":"post","link":"https:\/\/data.si\/hr\/upuceni-radnici-na-rad-u-eu-placanje-doprinosa-za-vreme-koronavirusa\/","title":{"rendered":"Upu\u0107eni radnici na rad u EU &#8211; pla\u0107anje doprinosa za vreme koronavirusa?"},"content":{"rendered":"<p>Upu\u0107eni radnici na rad u EU \u010desta je praksa <strong><a href=\"https:\/\/data.si\/hr\/kratak-vodic-za-otvaranje-firme-u-sloveniji\/\">slovena\u010dkih preduze\u0107a<\/a><\/strong>, koja imaju naru\u010dioce i u drugim zemljama EU. U inostranstvu mnogi poslodavci zapo\u0161ljavaju upu\u0107ene radnike tokom epidemije koronavirusa. U na\u0161em pravnom odeljenju primili smo nekoliko pitanja od poslodavaca sa pitanjem, kako stoje stvari sa radnicima, koji su upu\u0107eni na rad prema novom Interventnom zakonu.<\/p>\n<blockquote><p>Vlasnik ste preduze\u0107a u Sloveniji? Potrebna vam je pomo\u0107 prilikom izbora dr\u017eavne pomo\u0107i? Ne znate \u0161ta je najbolje za va\u0161u firmu? <a href=\"https:\/\/data.si\/hr\/webinar-besplatna-prezentacija-interventnih-mera-za-vreme-koronavirusa-u-sloveniji\/\"><strong>Prijavite se na na\u0161 webinar<\/strong><\/a> o interventnim merama Slovenije za pomo\u0107 vlasnicima preduze\u0107a!\u00a0 Nazovite na\u0161e stru\u010dnjake na broj +386 1 6001 542 (fiksni telefon) ili +386 30 640 995 (Viber\/WhatsApp) ili nam pi\u0161ite na email <a href=\"https:\/\/data.si\/srb\/kontakt\/\"><strong>data@data.si.<\/strong><\/a><\/p><\/blockquote>\n<p>Da li razmi\u0161ljate o <strong><a href=\"https:\/\/data.si\/srb\/kako-mogu-strani-drzavljani-registrovati-firmu-u-sloveniji\/\">otvaranju firme u Sloveniji<\/a><\/strong>? <strong><a href=\"https:\/\/data.si\/hr\/besplatan-webinar-o-otvaranju-preduzeca-u-sloveniji\/\">Prijavite se na na\u0161 webinar<\/a><\/strong> o poslovnoj migraciji u Sloveniju!<\/p>\n<h2>Upu\u0107eni radnici na rad u EU &#8211; izuzec\u0301e doprinosa i krizni dodatak prema &#8220;mega zakonu&#8221;<\/h2>\n<p>Zakon o interventnim merama za suzbijanje epidemije COVID-19 i ubla\u017eavanje posledica za gra\u0111ane i privredu (ZIUZEOP) predvi\u0111a osloba\u0111anje od plac\u0301anja doprinosa za penzijsko i invalidsko osiguranje (PIZ) radnicima, koji rade za vreme epidemije. Tako\u0111e predvi\u0111a i isplatu kriznog dodatka radnicima koji rade za vreme epidemije.<\/p>\n<p>Doneti zakon tako predvi\u0111a da su poslodavci oslobo\u0111eni plac\u0301anja doprinosa za penzijsko i invalidsko osiguranje u mesecima aprilu i maju 2020. godine. Svakom zaposlenom koji radi i \u010dija poslednja isplac\u0301ena mese\u010dna <strong><a href=\"https:\/\/data.si\/srb\/obracun-plate-u-sloveniji\/\">plata<\/a> <\/strong>nije pre\u0161la tri puta minimalnu platu, isplac\u0301uje se mese\u010dni krizni dodatak. Iznos je 200 evra i oslobo\u0111en je svih poreza i doprinosa.<\/p>\n<p>Bez obzira na gore navedene odredbe Zakona, prema Finansijskoj upravi Slovenije (<a href=\"https:\/\/www.fu.gov.si\/\">FURS<\/a>), ova mera se odnosi i na mart 2020. godine.<\/p>\n<h2>Upu\u0107eni radnici &#8211; rad u inostranstvu i osloba\u0111anje od doprinosa prema &#8220;mega zakonu&#8221;<\/h2>\n<p>\u0160ta je sa radnicima koji rade u inostranstvu kao upu\u0107eni radnici?<\/p>\n<p>Zakonom nisu predvi\u0111eni izuzeci za radnike zaposlene kod slovena\u010dkog poslodavca koji rade u inostranstvu kao upu\u0107eni radnici.<\/p>\n<p>Prema ovim radnicima se postupa na isti na\u010din kao i prema radnicima koji obavljaju posao na teritoriji Republike Slovenije.<\/p>\n<p>Poslodavci su tako\u0111e oslobo\u0111eni plac\u0301anja doprinosa za penzijsko i invalidsko osiguranje (PIZ) za upuc\u0301ene radnike koji rade za vreme epidemije.<\/p>\n<p>Tako\u0111e im se isplac\u0301uje krizni dodatak. Za upu\u0107ene radnike koji rade u inostranstvu, krizni dodatak se tako\u0111e ne isplac\u0301uje onim radnicima \u010dija je poslednja isplac\u0301ena mese\u010dna plata prema\u0161ila tri puta minimalnu platu u Republici Sloveniji.<\/p>\n<h2>Otvarate firmu u Sloveniji? Potreban vam je savet?<\/h2>\n<blockquote><p>Da li razmi\u0161ljate o <strong><a href=\"https:\/\/data.si\/srb\/kako-mogu-strani-drzavljani-registrovati-firmu-u-sloveniji\/\">otvaranju firme u Sloveniji<\/a><\/strong>? <strong><a href=\"https:\/\/data.si\/hr\/besplatan-webinar-o-otvaranju-preduzeca-u-sloveniji\/\">Prijavite se na na\u0161 webinar<\/a><\/strong> o poslovnoj migraciji u Sloveniju! Da li ve\u0107 imate firmu u Sloveniji i kao vlasnik firme u Sloveniji vas zanima, da li imate <strong><a href=\"https:\/\/data.si\/srb\/vlasnici-firmi-imate-pravo-na-naknadu-plata-u-sloveniji\/\">pravo na povra\u0107aj naknade plate<\/a><\/strong>? Za vreme koronavirusa u DATI pratimo sve novosti, prijavite se na na\u0161e\u00a0<a href=\"https:\/\/data.si\/srb\/novosti\/\"><strong>e-novosti<\/strong><\/a>! Pro\u010ditajte vi\u0161e o\u00a0<a href=\"https:\/\/data.si\/srb\/vlasnici-firmi-imate-pravo-na-naknadu-plata-u-sloveniji\/\"><strong>usvojenim merama protiv posledica koronavirusa<\/strong><\/a>. Predla\u017eemo vam tako\u0111e, da posetite i na\u0161u\u00a0<a href=\"https:\/\/www.facebook.com\/Data-doo-Osnivanje-firme-706699876048920\/\">Facebook stranicu.<\/a><\/p><\/blockquote>\n<p style=\"text-align: center;\">\n","protected":false},"excerpt":{"rendered":"<p>Upu\u0107eni radnici na rad u EU \u010desta je praksa slovena\u010dkih preduze\u0107a, koja imaju naru\u010dioce i u drugim zemljama EU. U inostranstvu mnogi poslodavci zapo\u0161ljavaju upu\u0107ene radnike tokom epidemije koronavirusa. U na\u0161em pravnom odeljenju primili smo nekoliko pitanja od poslodavaca sa pitanjem, kako stoje stvari sa radnicima, koji su upu\u0107eni na rad prema novom Interventnom zakonu. [&hellip;]<\/p>\n","protected":false},"author":13,"featured_media":11883,"comment_status":"closed","ping_status":"closed","sticky":false,"template":"","format":"standard","meta":{"footnotes":""},"categories":[1,10,6,4],"tags":[1398,52,1478],"yst_prominent_words":[],"class_list":["post-11874","post","type-post","status-publish","format-standard","has-post-thumbnail","hentry","category-biznis","category-eu","category-osnivanje-poduzeca","category-slovenija","tag-otvaranje-firme-u-sloveniji-i-eu","tag-registracija-preduzeca-u-sloveniji","tag-upucivanje-na-rad-u-eu"],"featured_image_src":{"landsacpe":["https:\/\/data.si\/hr\/wp-content\/uploads\/2020\/04\/Upu\u0107eni-radnici-na-rad-u-EU-pla\u0107anje-doprinosa-za-vreme-koronavirusa-800x445.jpg",800,445,true],"list":["https:\/\/data.si\/hr\/wp-content\/uploads\/2020\/04\/Upu\u0107eni-radnici-na-rad-u-EU-pla\u0107anje-doprinosa-za-vreme-koronavirusa-463x348.jpg",463,348,true],"medium":["https:\/\/data.si\/hr\/wp-content\/uploads\/2020\/04\/Upu\u0107eni-radnici-na-rad-u-EU-pla\u0107anje-doprinosa-za-vreme-koronavirusa-300x188.jpg",300,188,true],"full":["https:\/\/data.si\/hr\/wp-content\/uploads\/2020\/04\/Upu\u0107eni-radnici-na-rad-u-EU-pla\u0107anje-doprinosa-za-vreme-koronavirusa.jpg",800,500,false]},"_links":{"self":[{"href":"https:\/\/data.si\/hr\/wp-json\/wp\/v2\/posts\/11874","targetHints":{"allow":["GET"]}}],"collection":[{"href":"https:\/\/data.si\/hr\/wp-json\/wp\/v2\/posts"}],"about":[{"href":"https:\/\/data.si\/hr\/wp-json\/wp\/v2\/types\/post"}],"author":[{"embeddable":true,"href":"https:\/\/data.si\/hr\/wp-json\/wp\/v2\/users\/13"}],"replies":[{"embeddable":true,"href":"https:\/\/data.si\/hr\/wp-json\/wp\/v2\/comments?post=11874"}],"version-history":[{"count":7,"href":"https:\/\/data.si\/hr\/wp-json\/wp\/v2\/posts\/11874\/revisions"}],"predecessor-version":[{"id":11893,"href":"https:\/\/data.si\/hr\/wp-json\/wp\/v2\/posts\/11874\/revisions\/11893"}],"wp:featuredmedia":[{"embeddable":true,"href":"https:\/\/data.si\/hr\/wp-json\/wp\/v2\/media\/11883"}],"wp:attachment":[{"href":"https:\/\/data.si\/hr\/wp-json\/wp\/v2\/media?parent=11874"}],"wp:term":[{"taxonomy":"category","embeddable":true,"href":"https:\/\/data.si\/hr\/wp-json\/wp\/v2\/categories?post=11874"},{"taxonomy":"post_tag","embeddable":true,"href":"https:\/\/data.si\/hr\/wp-json\/wp\/v2\/tags?post=11874"},{"taxonomy":"yst_prominent_words","embeddable":true,"href":"https:\/\/data.si\/hr\/wp-json\/wp\/v2\/yst_prominent_words?post=11874"}],"curies":[{"name":"wp","href":"https:\/\/api.w.org\/{rel}","templated":true}]}}