{"id":11843,"date":"2020-04-17T14:04:34","date_gmt":"2020-04-17T12:04:34","guid":{"rendered":"https:\/\/data.si\/hr\/?p=11843"},"modified":"2021-10-23T18:51:34","modified_gmt":"2021-10-23T16:51:34","slug":"webinar-besplatna-prezentacija-interventnih-mera-za-vreme-koronavirusa-u-sloveniji","status":"publish","type":"post","link":"https:\/\/data.si\/hr\/webinar-besplatna-prezentacija-interventnih-mera-za-vreme-koronavirusa-u-sloveniji\/","title":{"rendered":"Webinar &#8211; besplatna prezentacija interventnih mera za vreme koronavirusa u Sloveniji"},"content":{"rendered":"<p>Webinar <a href=\"https:\/\/data.si\/srb\/o-nama\/\"><strong>DATA d.o.o<\/strong><\/a>.: predstavljamo webinar za preduzetnike koji imaju svoju firmu u Sloveniji ili \u017eele <strong><a href=\"https:\/\/data.si\/hr\/kratak-vodic-za-otvaranje-firme-u-sloveniji\/\">zapo\u010deti svoj posao u Sloveniji<\/a><\/strong>! U webinaru predstavic\u0301emo mere koje je Slovenija pripremila da olak\u0161a posledice koronavirusa. Mo\u017eete se prijaviti na webinar. Webinar je besplatan!<\/p>\n<p><strong>Zbog velike potra\u017enje za webinarom, zakazali smo razli\u010dite datume za webinar! Prvi \u0107e biti 24.04. u 14 \u010dasova!<\/strong><\/p>\n<p><strong>Datumi:<\/strong><\/p>\n<ul>\n<li><strong>28.04. u 14 \u010dasova<\/strong><strong>.<\/strong><\/li>\n<\/ul>\n<p>[FormaUtrdba]<\/p>\n<blockquote><p>Vlasnik ste preduze\u0107a u Sloveniji? Potrebna vam je pomo\u0107 prilikom izbora dr\u017eavne pomo\u0107i? Ne znate \u0161ta je najbolje za va\u0161u firmu? Nazovite na\u0161e stru\u010dnjake na broj +386 1 6001 542 (fiksni telefon) ili +386 30 640 995 (Viber\/WhatsApp) ili nam pi\u0161ite na email <a href=\"https:\/\/data.si\/srb\/kontakt\/\"><strong>data@data.si.<\/strong><\/a><\/p><\/blockquote>\n<h2>Webinar &#8211; Sadr\u017eaj i trajanje<\/h2>\n<p>U ovom predstavljanju, savetnici kompanije DATA d.o.o. predstavic\u0301e mere Slovenije prema kojima preduzetnici imaju na raspolaganju mogu\u0107nosti za prevazila\u017eenje posledica epidemije koronavirusa. Uklju\u010dic\u0301emo informacije o interventnim merama koje je vlada posebno pripremila za vreme epidemije, kao i merama koje predvi\u0111a postojec\u0301e zakonodavstvo. I savetnici i pravni savetnici bic\u0301e dostupni za odgovaranje na dodatna pitanja nakon prezentacije. Prezentacija c\u0301e trajati 20 do 30 minuta, nakon \u010dega \u0107e biti vremena za pitanja u\u010desnika prezentacije. U\u010de\u0161c\u0301e na ovom seminaru je besplatno.<\/p>\n<h2>Webinar &#8211; datum i vreme<\/h2>\n<p>Prezentacija c\u0301e se odr\u017eati u sredu, 22. aprila 2020. godine u 10:00 \u010dasova. U\u010desnici koji se \u017eele prijaviti mogu to u\u010diniti ispunjavanjem prijave za prezentaciju ili slanjem direktnog e-maila na data@data.si. Kandidati koji c\u0301e se prijaviti dobic\u0301e detaljna uputstva i informacije na svoju email adresu. Mail c\u0301e tako\u0111e sadr\u017eati i link za prezentaciju na programu Zoom. Webinar c\u0301e se odvijati na srpskom jeziku.<\/p>\n<p>Izaberite, koji vam datum odgovara!<\/p>\n<p><strong>Datumi:<\/strong><\/p>\n<ul>\n<li><strong>28.04. u 14 \u010dasova.<\/strong><\/li>\n<\/ul>\n<p style=\"text-align: center;\"><strong><a class=\"link-orange-button button-medium\" title=\"Prijava na webinar\" href=\"https:\/\/data.si\/hr\/prijava-na-webinar\/\">Prijava na webinar<\/a><\/strong><\/p>\n<p>Potrebno vam je vi\u0161e informacija o prezentaciji? Kontaktirajte DATA d.o.o. Ne propustite jedinstvenu priliku da upoznate slovena\u010dko poslovno zakonodavstvo i podr\u0161ku DATA preduze\u0107a sa poslovanjem u Sloveniji! Kontaktirajte nas za vi\u0161e informacija. Mo\u017eete nas nazvati i na +386 1 6001 542, Viber \/ Whatsapp +386 30 640 995.<\/p>\n<h2>Otvarate firmu u Sloveniji? Potreban vam je savet?<\/h2>\n<blockquote><p>Da li razmi\u0161ljate o otvaranju firme u Sloveniji? Da li ve\u0107 imate firmu u Sloveniji i kao vlasnik firme u Sloveniji vas zanima, da li imate\u00a0<strong><a href=\"https:\/\/data.si\/srb\/vlasnici-firmi-imate-pravo-na-naknadu-plata-u-sloveniji\/\">pravo na povra\u0107aj naknade plate<\/a><\/strong>? Za vreme koronavirusa u DATI pratimo sve novosti, prijavite se na na\u0161e\u00a0<a href=\"https:\/\/data.si\/srb\/novosti\/\"><strong>e-novosti<\/strong><\/a>! Pro\u010ditajte vi\u0161e o\u00a0<a href=\"https:\/\/data.si\/srb\/vlasnici-firmi-imate-pravo-na-naknadu-plata-u-sloveniji\/\"><strong>usvojenim merama protiv posledica koronavirusa<\/strong><\/a>. Predla\u017eemo vam tako\u0111e, da posetite i na\u0161u\u00a0<a href=\"https:\/\/www.facebook.com\/Data-doo-Osnivanje-firme-706699876048920\/\">Facebook stranicu.<\/a><\/p><\/blockquote>\n<p>&nbsp;<\/p>\n<p style=\"text-align: center;\"><strong><a class=\"link-orange-button button-medium\" title=\"Prijava na webinar\" href=\"https:\/\/data.si\/hr\/prijava-na-webinar\/\">Prijava na webinar<\/a><\/strong><\/p>\n<p>&nbsp;<\/p>\n<p><img loading=\"lazy\" decoding=\"async\" class=\"size-full wp-image-11902 aligncenter\" src=\"https:\/\/data.si\/hr\/wp-content\/uploads\/2020\/04\/spk.png\" alt=\"\" width=\"231\" height=\"59\" \/><\/p>\n","protected":false},"excerpt":{"rendered":"<p>Webinar DATA d.o.o.: predstavljamo webinar za preduzetnike koji imaju svoju firmu u Sloveniji ili \u017eele zapo\u010deti svoj posao u Sloveniji! U webinaru predstavic\u0301emo mere koje je Slovenija pripremila da olak\u0161a posledice koronavirusa. Mo\u017eete se prijaviti na webinar. Webinar je besplatan! Zbog velike potra\u017enje za webinarom, zakazali smo razli\u010dite datume za webinar! Prvi \u0107e biti 24.04. [&hellip;]<\/p>\n","protected":false},"author":13,"featured_media":11857,"comment_status":"closed","ping_status":"closed","sticky":false,"template":"","format":"standard","meta":{"footnotes":""},"categories":[1,10,6,4],"tags":[1477,43,36],"yst_prominent_words":[],"class_list":["post-11843","post","type-post","status-publish","format-standard","has-post-thumbnail","hentry","category-biznis","category-eu","category-osnivanje-poduzeca","category-slovenija","tag-interventne-mere-u-sloveniji","tag-otvaranje-preduzeca-u-sloveniji","tag-registracija-firme-u-sloveniji"],"featured_image_src":{"landsacpe":["https:\/\/data.si\/hr\/wp-content\/uploads\/2020\/04\/Webinar_WEB-800x445.jpg",800,445,true],"list":["https:\/\/data.si\/hr\/wp-content\/uploads\/2020\/04\/Webinar_WEB-463x348.jpg",463,348,true],"medium":["https:\/\/data.si\/hr\/wp-content\/uploads\/2020\/04\/Webinar_WEB-300x188.jpg",300,188,true],"full":["https:\/\/data.si\/hr\/wp-content\/uploads\/2020\/04\/Webinar_WEB.jpg",800,500,false]},"_links":{"self":[{"href":"https:\/\/data.si\/hr\/wp-json\/wp\/v2\/posts\/11843","targetHints":{"allow":["GET"]}}],"collection":[{"href":"https:\/\/data.si\/hr\/wp-json\/wp\/v2\/posts"}],"about":[{"href":"https:\/\/data.si\/hr\/wp-json\/wp\/v2\/types\/post"}],"author":[{"embeddable":true,"href":"https:\/\/data.si\/hr\/wp-json\/wp\/v2\/users\/13"}],"replies":[{"embeddable":true,"href":"https:\/\/data.si\/hr\/wp-json\/wp\/v2\/comments?post=11843"}],"version-history":[{"count":19,"href":"https:\/\/data.si\/hr\/wp-json\/wp\/v2\/posts\/11843\/revisions"}],"predecessor-version":[{"id":15329,"href":"https:\/\/data.si\/hr\/wp-json\/wp\/v2\/posts\/11843\/revisions\/15329"}],"wp:featuredmedia":[{"embeddable":true,"href":"https:\/\/data.si\/hr\/wp-json\/wp\/v2\/media\/11857"}],"wp:attachment":[{"href":"https:\/\/data.si\/hr\/wp-json\/wp\/v2\/media?parent=11843"}],"wp:term":[{"taxonomy":"category","embeddable":true,"href":"https:\/\/data.si\/hr\/wp-json\/wp\/v2\/categories?post=11843"},{"taxonomy":"post_tag","embeddable":true,"href":"https:\/\/data.si\/hr\/wp-json\/wp\/v2\/tags?post=11843"},{"taxonomy":"yst_prominent_words","embeddable":true,"href":"https:\/\/data.si\/hr\/wp-json\/wp\/v2\/yst_prominent_words?post=11843"}],"curies":[{"name":"wp","href":"https:\/\/api.w.org\/{rel}","templated":true}]}}