{"id":11823,"date":"2020-04-14T13:53:09","date_gmt":"2020-04-14T11:53:09","guid":{"rendered":"https:\/\/data.si\/hr\/?p=11823"},"modified":"2020-04-23T08:58:53","modified_gmt":"2020-04-23T06:58:53","slug":"direktor-jednoosobnog-drustva-u-sloveniji-naknada","status":"publish","type":"post","link":"https:\/\/data.si\/hr\/direktor-jednoosobnog-drustva-u-sloveniji-naknada\/","title":{"rendered":"Direktor jednoosobnog dru\u0161tva u Sloveniji &#8211; naknada?"},"content":{"rendered":"<p>Direktor jednoosobnog dru\u0161tva (<strong><a href=\"https:\/\/data.si\/hr\/kratak-vodic-za-otvaranje-firme-u-sloveniji\/\">dru\u0161tvo sa ograni\u010denom odgovorno\u0161c\u0301u<\/a><\/strong> sa jednim akcionarom), prema novom Interventnom zakonu, ima pravo na vanrednu pomoc\u0301 u vidu mese\u010dnog osnovnog prihoda. Me\u0111utim, koje uslove mora ispunjavati direktor jednoosobnog dru\u0161tva da bi imao pravo na osnovni dohodak? U kojim slu\u010dajevima c\u0301e direktor morati da vrati finansijsku pomoc\u0301?<\/p>\n<blockquote>\n<div>Vlasnik ste preduze\u0107a u Sloveniji? Potrebna vam je pomo\u0107 prilikom izbora dr\u017eavnih naknada? Ne znate \u0161ta je najbolje za va\u0161u firmu? <a href=\"https:\/\/data.si\/hr\/webinar-besplatna-prezentacija-interventnih-mera-za-vreme-koronavirusa-u-sloveniji\/\"><strong>Prijavite se na na\u0161 webinar<\/strong><\/a> o interventnim merama Slovenije za pomo\u0107 vlasnicima preduze\u0107a! Nazovite na\u0161e stru\u010dnjake na broj +386 1 6001 542 (fiksni telefon) ili +386 30 640 995 (Viber\/WhatsApp) ili nam pi\u0161ite na email <a href=\"https:\/\/data.si\/srb\/kontakt\/\"><strong>data@data.si.<\/strong><\/a><\/div>\n<\/blockquote>\n<div class=\"entry-content\">\n<p>Da li razmi\u0161ljate o <strong><a href=\"https:\/\/data.si\/srb\/kako-mogu-strani-drzavljani-registrovati-firmu-u-sloveniji\/\">otvaranju firme u Sloveniji<\/a><\/strong>? <strong><a href=\"https:\/\/data.si\/hr\/besplatan-webinar-o-otvaranju-preduzeca-u-sloveniji\/\">Prijavite se na na\u0161 webinar<\/a><\/strong> o poslovnoj migraciji u Sloveniju!<\/p>\n<p>Data d.o.o. je vodec\u0301a agencija za pru\u017eanje usluga za <a href=\"https:\/\/data.si\/hr\/kratak-vodic-za-otvaranje-firme-u-sloveniji\/\"><strong>preduzetnike koji zapo\u010dinju svoj posao<\/strong><\/a>\u00a0ili ve\u0107 imaju svoje\u00a0<a href=\"https:\/\/data.si\/srb\/kako-mogu-strani-drzavljani-registrovati-firmu-u-sloveniji\/\"><strong>preduze\u0107e u Sloveniji<\/strong><\/a>. Pored profesionalnih\u00a0<strong><a href=\"https:\/\/data.si\/hr\/knjigovodstvene-usluge\/\">ra\u010dunovodstvenih usluga<\/a><\/strong>, pru\u017eamo i\u00a0<strong><a href=\"https:\/\/data.si\/hr\/poresko-finansijsko-savetovanje\/\">poresko<\/a>\u00a0<\/strong>i\u00a0<a href=\"https:\/\/data.si\/hr\/pravno-savjetovanje\/\"><strong>pravno savetovanje i podr\u0161ku<\/strong><\/a>. Na\u0161e pravno odeljenje mo\u017ee da vam pomogne da upotrebite mere, koje c\u0301e vlada obezbediti preduzetnicima tokom ove vanredne situacije. Predla\u017eemo vam da posetite i na\u0161u\u00a0<a href=\"https:\/\/www.facebook.com\/Data-doo-Osnivanje-firme-706699876048920\/\">Facebook stranicu<\/a>. O novim propisima ve\u0107 smo pisali na na\u0161oj internetnoj DATA stranici.<\/p>\n<\/div>\n<h2>Direktor jednoosobnog dru\u0161tva\u00a0 &#8211; ima pravo na osnovni dohodak<\/h2>\n<p>Interventni zakon predvi\u0111a da su korisnici izvanredne pomoc\u0301i u vidu mese\u010dnog osnovnog prihoda tako\u0111e \u010dlanovi koji su upravlja\u010dka lica (direktori) u nekom preduzec\u0301u i osigurani su na osnovu \u010dlana 16. ZPIZ-2 (po osnovu osiguranja 040). Direktor jednoosobnog dru\u0161tva ima ugovor o upravljanju kompanijom. Ako direktor nije osiguran po drugom osnovu (tj. nije drugde u radnom odnosu), ne prima platu u smislu zaposlenja (u tom slu\u010daju bi bio osiguran po osnovu 001).<\/p>\n<h2>Dodatni uslovi?<\/h2>\n<p>Direktor jednoosobnog dru\u0161tva tako\u0111e mora da ispunjava sledec\u0301e uslove:<\/p>\n<ul>\n<li>zbog epidemije nije u moguc\u0301nosti da obavlja delatnost firme ili u znatnom smanjenom obimu;<\/li>\n<li>najmanje 25% smanjenja prihoda u martu 2020. u odnosu na februar 2020.;<\/li>\n<li>ili 50% smanjenja prihoda u aprilu ili maju 2020. u pore\u0111enju sa februarom 2020.;<\/li>\n<li>pad prihoda u prvoj polovini 2020. godine za vi\u0161e od 20% u odnosu na isti period 2019. godine i u drugoj polovini 2020. godine ne vi\u0161e od 20% povec\u0301anja prihoda u odnosu na isti period 2019. godine, i<\/li>\n<li>pla\u0107ene sve dospele poreske obaveze.<\/li>\n<\/ul>\n<p>Da li razmi\u0161ljate o <strong><a href=\"https:\/\/data.si\/srb\/kako-mogu-strani-drzavljani-registrovati-firmu-u-sloveniji\/\">otvaranju firme u Sloveniji<\/a><\/strong>? <strong><a href=\"https:\/\/data.si\/hr\/besplatan-webinar-o-otvaranju-preduzeca-u-sloveniji\/\">Prijavite se na na\u0161 webinar<\/a><\/strong> o poslovnoj migraciji u Sloveniju!\u00a0Da li ve\u0107 imate firmu u Sloveniji i kao vlasnik firme u Sloveniji vas zanima, da li imate <strong><a href=\"https:\/\/data.si\/srb\/vlasnici-firmi-imate-pravo-na-naknadu-plata-u-sloveniji\/\">pravo na povra\u0107aj naknade plate<\/a><\/strong>? Za vreme koronavirusa u DATI pratimo sve novosti, prijavite se na na\u0161e <a href=\"https:\/\/data.si\/srb\/novosti\/\"><strong>e-novosti<\/strong><\/a>! Pro\u010ditajte vi\u0161e o <a href=\"https:\/\/data.si\/srb\/vlasnici-firmi-imate-pravo-na-naknadu-plata-u-sloveniji\/\"><strong>usvojenim merama protiv posledica koronavirusa<\/strong><\/a>. Predla\u017eemo vam tako\u0111e, da posetite i na\u0161u <a href=\"https:\/\/www.facebook.com\/Data-doo-Osnivanje-firme-706699876048920\/\">Facebook stranicu.<\/a><\/p>\n<p>&nbsp;<\/p>\n","protected":false},"excerpt":{"rendered":"<p>Direktor jednoosobnog dru\u0161tva (dru\u0161tvo sa ograni\u010denom odgovorno\u0161c\u0301u sa jednim akcionarom), prema novom Interventnom zakonu, ima pravo na vanrednu pomoc\u0301 u vidu mese\u010dnog osnovnog prihoda. Me\u0111utim, koje uslove mora ispunjavati direktor jednoosobnog dru\u0161tva da bi imao pravo na osnovni dohodak? U kojim slu\u010dajevima c\u0301e direktor morati da vrati finansijsku pomoc\u0301? Vlasnik ste preduze\u0107a u Sloveniji? Potrebna [&hellip;]<\/p>\n","protected":false},"author":13,"featured_media":11833,"comment_status":"closed","ping_status":"closed","sticky":false,"template":"","format":"standard","meta":{"footnotes":""},"categories":[1,10,6,4],"tags":[1475,1476,1474],"yst_prominent_words":[],"class_list":["post-11823","post","type-post","status-publish","format-standard","has-post-thumbnail","hentry","category-biznis","category-eu","category-osnivanje-poduzeca","category-slovenija","tag-direktor-doo-u-sloveniji","tag-otvaranje-preduzeca-u-sloveniji-i-eu","tag-registracija-doo-u-sloveniji-i-eu"],"featured_image_src":{"landsacpe":["https:\/\/data.si\/hr\/wp-content\/uploads\/2020\/04\/Direktor_web-800x445.jpg",800,445,true],"list":["https:\/\/data.si\/hr\/wp-content\/uploads\/2020\/04\/Direktor_web-463x348.jpg",463,348,true],"medium":["https:\/\/data.si\/hr\/wp-content\/uploads\/2020\/04\/Direktor_web-300x188.jpg",300,188,true],"full":["https:\/\/data.si\/hr\/wp-content\/uploads\/2020\/04\/Direktor_web.jpg",800,500,false]},"_links":{"self":[{"href":"https:\/\/data.si\/hr\/wp-json\/wp\/v2\/posts\/11823","targetHints":{"allow":["GET"]}}],"collection":[{"href":"https:\/\/data.si\/hr\/wp-json\/wp\/v2\/posts"}],"about":[{"href":"https:\/\/data.si\/hr\/wp-json\/wp\/v2\/types\/post"}],"author":[{"embeddable":true,"href":"https:\/\/data.si\/hr\/wp-json\/wp\/v2\/users\/13"}],"replies":[{"embeddable":true,"href":"https:\/\/data.si\/hr\/wp-json\/wp\/v2\/comments?post=11823"}],"version-history":[{"count":12,"href":"https:\/\/data.si\/hr\/wp-json\/wp\/v2\/posts\/11823\/revisions"}],"predecessor-version":[{"id":11899,"href":"https:\/\/data.si\/hr\/wp-json\/wp\/v2\/posts\/11823\/revisions\/11899"}],"wp:featuredmedia":[{"embeddable":true,"href":"https:\/\/data.si\/hr\/wp-json\/wp\/v2\/media\/11833"}],"wp:attachment":[{"href":"https:\/\/data.si\/hr\/wp-json\/wp\/v2\/media?parent=11823"}],"wp:term":[{"taxonomy":"category","embeddable":true,"href":"https:\/\/data.si\/hr\/wp-json\/wp\/v2\/categories?post=11823"},{"taxonomy":"post_tag","embeddable":true,"href":"https:\/\/data.si\/hr\/wp-json\/wp\/v2\/tags?post=11823"},{"taxonomy":"yst_prominent_words","embeddable":true,"href":"https:\/\/data.si\/hr\/wp-json\/wp\/v2\/yst_prominent_words?post=11823"}],"curies":[{"name":"wp","href":"https:\/\/api.w.org\/{rel}","templated":true}]}}