{"id":11801,"date":"2020-04-09T12:26:53","date_gmt":"2020-04-09T10:26:53","guid":{"rendered":"https:\/\/data.si\/hr\/?p=11801"},"modified":"2020-04-23T08:57:10","modified_gmt":"2020-04-23T06:57:10","slug":"vlasnici-firmi-u-sloveniji-da-li-morate-isplatiti-krizni-dodatak","status":"publish","type":"post","link":"https:\/\/data.si\/hr\/vlasnici-firmi-u-sloveniji-da-li-morate-isplatiti-krizni-dodatak\/","title":{"rendered":"Vlasnici firmi u Sloveniji, da li morate isplatiti krizni dodatak?"},"content":{"rendered":"<p>Vlasnici firmi, da li je isplata kriznog dodatka obavezna? Kojim radnicima se isplac\u0301uje krizni dodatak? Morate pripremiti <a href=\"https:\/\/data.si\/srb\/obracun-plate-u-sloveniji\/\"><strong>obra\u010dun plate<\/strong><\/a> za mart i u dilemi ste da li morate i vi da platite krizni dodatak? Da li zaposleni prima krizni dodatak za rad u martu, aprilu i maju 2020. ili samo za rad u aprilu i maju 2020.? Da li je krizni dodatak obavezan za sve radnike? Da li poslodavci imaju izbor i ne moraju da isplate krizni dodatak?<\/p>\n<p>U ovom \u010dlanku odgovaramo na pitanja: koje radnike pokriva krizni dodatak? Za koje mesece se krizna naknada plac\u0301a radnicima? Da li je poslodavac du\u017ean isplatiti krizni dodatak ili postoji moguc\u0301nost izbora i nije du\u017ean isplatiti krizni dodatak?<\/p>\n<blockquote>\n<div>Vlasnik ste preduze\u0107a u Sloveniji? Potrebna vam je pomo\u0107 prilikom izbora dr\u017eavnih naknada? Ne znate \u0161ta je najbolje za va\u0161u firmu? <a href=\"https:\/\/data.si\/hr\/webinar-besplatna-prezentacija-interventnih-mera-za-vreme-koronavirusa-u-sloveniji\/\"><strong>Prijavite se na na\u0161 webinar<\/strong><\/a> o interventnim merama Slovenije za pomo\u0107 vlasnicima preduze\u0107a! Nazovite na\u0161e stru\u010dnjake na broj +386 1 6001 542 (fiksni telefon) ili +386 30 640 995 (Viber\/WhatsApp) ili nam pi\u0161ite na email <a href=\"https:\/\/data.si\/srb\/kontakt\/\"><strong>data@data.si.<\/strong><\/a><\/div>\n<\/blockquote>\n<div class=\"entry-content\">\n<p>Da li razmi\u0161ljate o <strong><a href=\"https:\/\/data.si\/srb\/kako-mogu-strani-drzavljani-registrovati-firmu-u-sloveniji\/\">otvaranju firme u Sloveniji<\/a><\/strong>? <strong><a href=\"https:\/\/data.si\/hr\/besplatan-webinar-o-otvaranju-preduzeca-u-sloveniji\/\">Prijavite se na na\u0161 webinar<\/a><\/strong> o poslovnoj migraciji u Sloveniju!<\/p>\n<p>Data d.o.o. je vodec\u0301a agencija za pru\u017eanje usluga za <a href=\"https:\/\/data.si\/hr\/kratak-vodic-za-otvaranje-firme-u-sloveniji\/\"><strong>preduzetnike koji zapo\u010dinju svoj posao<\/strong><\/a>\u00a0ili ve\u0107 imaju svoje\u00a0<a href=\"https:\/\/data.si\/srb\/kako-mogu-strani-drzavljani-registrovati-firmu-u-sloveniji\/\"><strong>preduze\u0107e u Sloveniji<\/strong><\/a>. Pored profesionalnih\u00a0<strong><a href=\"https:\/\/data.si\/hr\/knjigovodstvene-usluge\/\">ra\u010dunovodstvenih usluga<\/a><\/strong>, pru\u017eamo i\u00a0<strong><a href=\"https:\/\/data.si\/hr\/poresko-finansijsko-savetovanje\/\">poresko<\/a>\u00a0<\/strong>i\u00a0<a href=\"https:\/\/data.si\/hr\/pravno-savjetovanje\/\"><strong>pravno savetovanje i podr\u0161ku<\/strong><\/a>. Na\u0161e pravno odeljenje mo\u017ee da vam pomogne da upotrebite mere, koje c\u0301e vlada obezbediti preduzetnicima tokom ove vanredne situacije. Predla\u017eemo vam da posetite i na\u0161u\u00a0<a href=\"https:\/\/www.facebook.com\/Data-doo-Osnivanje-firme-706699876048920\/\">Facebook stranicu<\/a>. O novim propisima ve\u0107 smo pisali na na\u0161oj internetnoj DATA stranici.<\/p>\n<\/div>\n<h2>Vlasnici firmi, da li se krizni dodatak isplac\u0301uje svim radnicima?<\/h2>\n<p>Isplata kriznog dodatka nije predvi\u0111ena za sve zaposlene koji rade u vanrednim situacijama. Isplata kriznog dodatka pripada radnicima u privatnom sektoru.<\/p>\n<p>Sledec\u0301i su isklju\u010deni: direktni i indirektni korisnici dr\u017eavnog bud\u017eeta i direktni i indirektni korisnici op\u0161tinskih bud\u017eeta. Tako\u0111e i firme, koje se bave finansijskim i osiguravajuc\u0301im delatnostima, koje spadaju u grupu K prema standardnoj klasifikaciji delatnosti.<\/p>\n<h2>Vlasnici firmi, da li ste du\u017eni platiti krizni dodatak?<\/h2>\n<p>Zakon nala\u017ee da poslodavac isplac\u0301uje krizni dodatak svakom zaposlenom koji radi. Me\u0111utim, nisu predvi\u0111ene zakonske sankcije za poslodavce koji nec\u0301e platiti krizni dodatak.<\/p>\n<p>Dr\u017eavni sekretar Ministarstva rada smatra da su poslodavci du\u017eni da plate proporcionalan deo kriznog dodatka i za mart 2020. i da nemaju izbora, kada je u pitanju obaveza isplate.<\/p>\n<h2>Za koje mesece je radnicima potrebno isplatiti krizni dodatak?<\/h2>\n<p>Interventni zakon za suzbijanje epidemije COVID-19 i ubla\u017eavanje posledica za gra\u0111ane i privredu u \u010dlanu 33 odre\u0111uje da su poslodavci oslobo\u0111eni plac\u0301anja doprinosa za penzijsko i invalidsko osiguranje u aprilu i maju 2020. godine.<\/p>\n<p>Poslodavci, koji su oslobo\u0111eni pla\u0107anja doprinosa, plac\u0301aju mese\u010dnu naknadu za krizu svakom zaposlenom koji radi. Uslov je da zaposlenom poslednja isplac\u0301ena mese\u010dna plata nije pre\u0161la tri puta minimalnu platu. Dodatak je 200 evra i oslobo\u0111en je svih poreza i doprinosa i ne ura\u010dunava se u godi\u0161nju poresku akontaciju.<\/p>\n<p>Na osnovu gore navedenog \u010dlana mo\u017ee se tvrditi da poslodavci koji su oslobo\u0111eni plac\u0301anja doprinosa za penzijsko i invalidsko osiguranje u aprilu i maju 2020. godine ispla\u0107uju mese\u010dni krizni dodatak. Ako sledimo jezi\u010dku interpretaciju tog \u010dlana, zaklju\u010dujemo, da su poslodavci koji su oslobo\u0111eni plac\u0301anja doprinosa za penzijsko i invalidsko osiguranje obavezni za isplatu kriznog dodatka. Dodatak se odnosi na rad u mesecima aprilu i maju 2020. Iz tog \u010dlana tako\u0111e proizlazi da je isplata kriznog dodatka povezana sa osloba\u0111anjem od plac\u0301anja doprinosa i da se isplac\u0301uje radnicima samo za rad u mesecima aprilu i maju 2020. godine.<\/p>\n<h2>Isplata kriznog dodatka i polo\u017eaja nadle\u017enih institucija<\/h2>\n<p>U FURS-ovom priru\u010dniku, pod nazivom &#8220;\u010cesto postavljana pitanja i odgovori o merama na poreskom podru\u010dju za ubla\u017eavanje koronavirusa&#8221;, navedeno je da privatni poslodavci svakom zaposlenom koji rade u vreme epidemije plac\u0301aju mese\u010dnu naknadu za kriznu situaciju. Dakle, tokom meseca marta, aprila i maja 2020., i pod uslovom da poslednja isplac\u0301ena mese\u010dna plata nije pre\u0161la 3 \u200b\u200bX minimalnu platu.<\/p>\n<p>Dr\u017eavni sekretar Ministarstva rada je pojasnila da je svrha prvog stava \u010dlana 33 ZIUZEOP-a da se odnosi na osloba\u0111anje od doprinosa za penzijsko i invalidsko osiguranje za plate isplac\u0301ene za rad u periodu od po\u010detka epidemije, odnosno za rad od 13. marta nadalje. Iako je u Zakonu druga\u010dije navedeno, svrha Zakona je osloba\u0111anje od plac\u0301anja doprinosa i isplata kriznog dodatka za rad od 13.3. 2020 nadalje.<\/p>\n<h2>Vlasnici firmi, isplata kriznog dodatka i za mart 2020. godine?<\/h2>\n<p>Smatramo da postoji sumnja, odnosno dilema oko toga da li su poslodavci du\u017eni da plac\u0301aju krizni dodatak za rad obavljen u vreme epidemije COVID-19, obzirom na strogu zakonsku dikciju i tuma\u010denje zakona. Me\u0111utim, ta\u010dno je da, s obzirom na objavljeni priru\u010dnik koji je pripremio FURS i obja\u0161njenje dr\u017eavnog sekretara Ministarstva rada, nema sumnje da je poslodavac du\u017ean platiti proporcionalni deo kriznog dodatka i za mesec mart 2020. godine.<\/p>\n<p>Da li razmi\u0161ljate o <strong><a href=\"https:\/\/data.si\/srb\/kako-mogu-strani-drzavljani-registrovati-firmu-u-sloveniji\/\">otvaranju firme u Sloveniji<\/a><\/strong>? <strong><a href=\"https:\/\/data.si\/hr\/besplatan-webinar-o-otvaranju-preduzeca-u-sloveniji\/\">Prijavite se na na\u0161 webinar<\/a><\/strong> o poslovnoj migraciji u Sloveniju! Da li ve\u0107 imate firmu u Sloveniji i kao vlasnik firme u Sloveniji vas zanima, da li imate <strong><a href=\"https:\/\/data.si\/srb\/vlasnici-firmi-imate-pravo-na-naknadu-plata-u-sloveniji\/\">pravo na povra\u0107aj naknade plate<\/a><\/strong>? Za vreme koronavirusa u DATI pratimo sve novosti, prijavite se na na\u0161e <a href=\"https:\/\/data.si\/srb\/novosti\/\"><strong>e-novosti<\/strong><\/a>! Pro\u010ditajte vi\u0161e o <a href=\"https:\/\/data.si\/srb\/vlasnici-firmi-imate-pravo-na-naknadu-plata-u-sloveniji\/\"><strong>usvojenim merama protiv posledica koronavirusa<\/strong><\/a>. Predla\u017eemo vam tako\u0111e, da posetite i na\u0161u <a href=\"https:\/\/www.facebook.com\/Data-doo-Osnivanje-firme-706699876048920\/\">Facebook stranicu.<\/a><\/p>\n","protected":false},"excerpt":{"rendered":"<p>Vlasnici firmi, da li je isplata kriznog dodatka obavezna? Kojim radnicima se isplac\u0301uje krizni dodatak? Morate pripremiti obra\u010dun plate za mart i u dilemi ste da li morate i vi da platite krizni dodatak? Da li zaposleni prima krizni dodatak za rad u martu, aprilu i maju 2020. ili samo za rad u aprilu i [&hellip;]<\/p>\n","protected":false},"author":13,"featured_media":11811,"comment_status":"closed","ping_status":"closed","sticky":false,"template":"","format":"standard","meta":{"footnotes":""},"categories":[1,10,6,4],"tags":[1472,12,1471],"yst_prominent_words":[],"class_list":["post-11801","post","type-post","status-publish","format-standard","has-post-thumbnail","hentry","category-biznis","category-eu","category-osnivanje-poduzeca","category-slovenija","tag-interventni-zakon-u-sloveniji","tag-otvaranje-firme-u-sloveniji","tag-registracija-kompanije-u-slveniji"],"featured_image_src":{"landsacpe":["https:\/\/data.si\/hr\/wp-content\/uploads\/2020\/04\/Vlasnici-firmi-u-Sloveniji-da-li-morate-isplatiti-krizni-dodatak-800x445.jpg",800,445,true],"list":["https:\/\/data.si\/hr\/wp-content\/uploads\/2020\/04\/Vlasnici-firmi-u-Sloveniji-da-li-morate-isplatiti-krizni-dodatak-463x348.jpg",463,348,true],"medium":["https:\/\/data.si\/hr\/wp-content\/uploads\/2020\/04\/Vlasnici-firmi-u-Sloveniji-da-li-morate-isplatiti-krizni-dodatak-300x188.jpg",300,188,true],"full":["https:\/\/data.si\/hr\/wp-content\/uploads\/2020\/04\/Vlasnici-firmi-u-Sloveniji-da-li-morate-isplatiti-krizni-dodatak.jpg",800,500,false]},"_links":{"self":[{"href":"https:\/\/data.si\/hr\/wp-json\/wp\/v2\/posts\/11801","targetHints":{"allow":["GET"]}}],"collection":[{"href":"https:\/\/data.si\/hr\/wp-json\/wp\/v2\/posts"}],"about":[{"href":"https:\/\/data.si\/hr\/wp-json\/wp\/v2\/types\/post"}],"author":[{"embeddable":true,"href":"https:\/\/data.si\/hr\/wp-json\/wp\/v2\/users\/13"}],"replies":[{"embeddable":true,"href":"https:\/\/data.si\/hr\/wp-json\/wp\/v2\/comments?post=11801"}],"version-history":[{"count":11,"href":"https:\/\/data.si\/hr\/wp-json\/wp\/v2\/posts\/11801\/revisions"}],"predecessor-version":[{"id":11897,"href":"https:\/\/data.si\/hr\/wp-json\/wp\/v2\/posts\/11801\/revisions\/11897"}],"wp:featuredmedia":[{"embeddable":true,"href":"https:\/\/data.si\/hr\/wp-json\/wp\/v2\/media\/11811"}],"wp:attachment":[{"href":"https:\/\/data.si\/hr\/wp-json\/wp\/v2\/media?parent=11801"}],"wp:term":[{"taxonomy":"category","embeddable":true,"href":"https:\/\/data.si\/hr\/wp-json\/wp\/v2\/categories?post=11801"},{"taxonomy":"post_tag","embeddable":true,"href":"https:\/\/data.si\/hr\/wp-json\/wp\/v2\/tags?post=11801"},{"taxonomy":"yst_prominent_words","embeddable":true,"href":"https:\/\/data.si\/hr\/wp-json\/wp\/v2\/yst_prominent_words?post=11801"}],"curies":[{"name":"wp","href":"https:\/\/api.w.org\/{rel}","templated":true}]}}