{"id":11643,"date":"2020-03-25T13:49:28","date_gmt":"2020-03-25T12:49:28","guid":{"rendered":"https:\/\/data.si\/hr\/?p=11643"},"modified":"2020-03-26T10:42:09","modified_gmt":"2020-03-26T09:42:09","slug":"bolovanje-za-vreme-koronavirusa-u-sloveniji","status":"publish","type":"post","link":"https:\/\/data.si\/hr\/bolovanje-za-vreme-koronavirusa-u-sloveniji\/","title":{"rendered":"Bolovanje za vreme koronavirusa u Sloveniji?"},"content":{"rendered":"<p>Bolovanje za vreme koronavirusa je \u010desto pitanje zaposlenih u preduze\u0107ima u vremenu epidemije koronavirusa u Sloveniji. Vlada je usvojila uredbu o privremenim merama u sprovo\u0111enju obaveznog zdravstvenog osiguranja.<\/p>\n<p>Da li ste vlasnik kompanije u Sloveniji i pao vam je promet? <strong><a href=\"https:\/\/data.si\/srb\/pravno-savetovanje\/\">DATA pravni stru\u010dnjaci<\/a><\/strong> savetuju vas u vezi dr\u017eavne pomo\u0107i!<\/p>\n<p>Data d.o.o. je vodec\u0301i pru\u017ealac usluga za <strong><a href=\"https:\/\/data.si\/hr\/kompletna-podrska-u-otvaranju-firme\/\">preduzetnike koji zapo\u010dinju svoj posao<\/a><\/strong> ili ve\u0107 imaju svoje preduze\u0107e u Sloveniji. Pored profesionalnih <strong><a href=\"https:\/\/data.si\/hr\/knjigovodstvene-usluge\/\">ra\u010dunovodstvenih usluga<\/a><\/strong>, pru\u017eamo i <strong><a href=\"https:\/\/data.si\/hr\/poresko-finansijsko-savetovanje\/\">poresko<\/a> <\/strong>i <strong><a href=\"https:\/\/data.si\/srb\/pravno-savetovanje\/\">pravno savetovanje i podr\u0161ku<\/a><\/strong>. Na\u0161e pravno odeljenje mo\u017ee da vam pomogne da upotrebite mere, koje c\u0301e vlada obezbediti preduzetnicima tokom ove vanredne situacije.<\/p>\n<h2>Bolovanje: nove privremene mere<\/h2>\n<p>Usvojiena je uredba o privremenim merama u sprovo\u0111enju obaveznog zdravstvenog osiguranja. Da bi se osigurala nesmetana primena mera za spre\u010davanje, kontrolu i otklanjanje posledica epidemije u Sloveniji, uredba reguli\u0161e izricanje privremenih mera u sprovo\u0111enju obaveznog zdravstvenog osiguranja.<\/p>\n<h2>Bolovanje: prva mera<\/h2>\n<p>Predlo\u017eene su dve mere. Prva mera je odre\u0111ivanje privremenog odsustva sa rada u cilju ostvarivanja prava na naknadu plate. Privremeno odsustvo sa posla, bez obzira na razlog tog zadr\u017eavanja, i iako je isplatilac nadoknade plate obavezno zdravstveno osiguranje (OZZ), odre\u0111uje izabrani li\u010dni lekar.<\/p>\n<h2>Druga mera<\/h2>\n<p>Druga mera odnosi se na produ\u017eenje banjskog le\u010denja. Ovo mo\u017ee utvrditi Zavod za zdravstveno osiguranje ili ovlastiti banju, odnosno lekara u banji, da produ\u017ei le\u010denje na najvi\u0161e 21 dan.<\/p>\n<p>Mere c\u0301e olak\u0161ati osiguranicima da ostvare svoja prava iz obaveznog zdravstvenog osiguranja, a pru\u017eaocima usluga i slu\u017ebi Zavoda zdravstvenog osiguranja Slovenije da rade na utvr\u0111ivanju prava iz obaveznog zdravstvenog osiguranja.<\/p>\n<p>Mere su privremene i va\u017ee samo za vreme epidemije.<\/p>\n<p>Ukoliko vam je potreban <strong><a href=\"https:\/\/data.si\/srb\/pravno-savetovanje\/\">pravni savet<\/a><\/strong> ili savet na\u0161ih stru\u010dnjaka za dobijanje potrebnih sredstava za poslovanje, po\u0161aljite nam upit na e-mail <strong><a href=\"mailto:data@data.si\">data@data.si<\/a><\/strong> ili nas nazovite na telefonski broj +386 1 6001 530 ili Viber: +386 30 640 995. Tako\u0111e vam predla\u017eemo da posetite na\u0161 <a href=\"https:\/\/www.facebook.com\/Data-doo-Osnivanje-firme-706699876048920\/\">Facebook<\/a>.<\/p>\n<p>&nbsp;<\/p>\n","protected":false},"excerpt":{"rendered":"<p>Bolovanje za vreme koronavirusa je \u010desto pitanje zaposlenih u preduze\u0107ima u vremenu epidemije koronavirusa u Sloveniji. Vlada je usvojila uredbu o privremenim merama u sprovo\u0111enju obaveznog zdravstvenog osiguranja. Da li ste vlasnik kompanije u Sloveniji i pao vam je promet? DATA pravni stru\u010dnjaci savetuju vas u vezi dr\u017eavne pomo\u0107i! Data d.o.o. je vodec\u0301i pru\u017ealac usluga [&hellip;]<\/p>\n","protected":false},"author":13,"featured_media":11665,"comment_status":"closed","ping_status":"closed","sticky":false,"template":"","format":"standard","meta":{"footnotes":""},"categories":[1,10,4],"tags":[1458,1418,36],"yst_prominent_words":[],"class_list":["post-11643","post","type-post","status-publish","format-standard","has-post-thumbnail","hentry","category-biznis","category-eu","category-slovenija","tag-bolovanje-za-vreme-koronavirusa-u-sloveniji","tag-otvaranje-kompanije-u-sloveniji-i-eu","tag-registracija-firme-u-sloveniji"],"featured_image_src":{"landsacpe":["https:\/\/data.si\/hr\/wp-content\/uploads\/2020\/03\/Bolovanje-za-vreme-koronavirusa-u-Sloveniji-800x445.jpg",800,445,true],"list":["https:\/\/data.si\/hr\/wp-content\/uploads\/2020\/03\/Bolovanje-za-vreme-koronavirusa-u-Sloveniji-463x348.jpg",463,348,true],"medium":["https:\/\/data.si\/hr\/wp-content\/uploads\/2020\/03\/Bolovanje-za-vreme-koronavirusa-u-Sloveniji-300x188.jpg",300,188,true],"full":["https:\/\/data.si\/hr\/wp-content\/uploads\/2020\/03\/Bolovanje-za-vreme-koronavirusa-u-Sloveniji.jpg",800,500,false]},"_links":{"self":[{"href":"https:\/\/data.si\/hr\/wp-json\/wp\/v2\/posts\/11643","targetHints":{"allow":["GET"]}}],"collection":[{"href":"https:\/\/data.si\/hr\/wp-json\/wp\/v2\/posts"}],"about":[{"href":"https:\/\/data.si\/hr\/wp-json\/wp\/v2\/types\/post"}],"author":[{"embeddable":true,"href":"https:\/\/data.si\/hr\/wp-json\/wp\/v2\/users\/13"}],"replies":[{"embeddable":true,"href":"https:\/\/data.si\/hr\/wp-json\/wp\/v2\/comments?post=11643"}],"version-history":[{"count":10,"href":"https:\/\/data.si\/hr\/wp-json\/wp\/v2\/posts\/11643\/revisions"}],"predecessor-version":[{"id":11668,"href":"https:\/\/data.si\/hr\/wp-json\/wp\/v2\/posts\/11643\/revisions\/11668"}],"wp:featuredmedia":[{"embeddable":true,"href":"https:\/\/data.si\/hr\/wp-json\/wp\/v2\/media\/11665"}],"wp:attachment":[{"href":"https:\/\/data.si\/hr\/wp-json\/wp\/v2\/media?parent=11643"}],"wp:term":[{"taxonomy":"category","embeddable":true,"href":"https:\/\/data.si\/hr\/wp-json\/wp\/v2\/categories?post=11643"},{"taxonomy":"post_tag","embeddable":true,"href":"https:\/\/data.si\/hr\/wp-json\/wp\/v2\/tags?post=11643"},{"taxonomy":"yst_prominent_words","embeddable":true,"href":"https:\/\/data.si\/hr\/wp-json\/wp\/v2\/yst_prominent_words?post=11643"}],"curies":[{"name":"wp","href":"https:\/\/api.w.org\/{rel}","templated":true}]}}