{"id":11641,"date":"2020-03-25T09:57:07","date_gmt":"2020-03-25T08:57:07","guid":{"rendered":"https:\/\/data.si\/hr\/?p=11641"},"modified":"2020-03-25T09:57:07","modified_gmt":"2020-03-25T08:57:07","slug":"koronazakon-zamrzavanje-stanja-u-sloveniji","status":"publish","type":"post","link":"https:\/\/data.si\/hr\/koronazakon-zamrzavanje-stanja-u-sloveniji\/","title":{"rendered":"Koronazakon &#8211; zamrzavanje stanja u Sloveniji!"},"content":{"rendered":"<p>Koronazakon: vlada je predstavila novi predlog zakona o interventnim merama. Predlo\u017eeno je, izme\u0111u ostalog, i zamrzavanje trenutnog stanja u Sloveniji!<\/p>\n<p>Da li ste vlasnik kompanije u Sloveniji i pao vam je promet? <strong><a href=\"https:\/\/data.si\/srb\/pravno-savetovanje\/\">DATA pravni stru\u010dnjaci<\/a><\/strong> savetuju vas u vezi dr\u017eavne pomo\u0107i!<\/p>\n<p>Data d.o.o. je vodec\u0301i pru\u017ealac usluga za <strong><a href=\"https:\/\/data.si\/hr\/kompletna-podrska-u-otvaranju-firme\/\">preduzetnike koji zapo\u010dinju svoj posao<\/a><\/strong> ili ve\u0107 imaju svoje preduze\u0107e u Sloveniji. Pored profesionalnih <strong><a href=\"https:\/\/data.si\/hr\/knjigovodstvene-usluge\/\">ra\u010dunovodstvenih usluga<\/a><\/strong>, pru\u017eamo i <strong><a href=\"https:\/\/data.si\/hr\/poresko-finansijsko-savetovanje\/\">poresko<\/a> <\/strong>i <strong><a href=\"https:\/\/data.si\/srb\/pravno-savetovanje\/\">pravno savetovanje i podr\u0161ku<\/a><\/strong>. Na\u0161e pravno odeljenje mo\u017ee da vam pomogne da upotrebite mere, koje c\u0301e vlada obezbediti preduzetnicima tokom ove vanredne situacije.<\/p>\n<h2>Koronazakon &#8211; zamrzavanje trenutnog stanja!<\/h2>\n<p>Vlada je predstavila novi predlog, o kojem \u0107e se raspravljati u petak, a zatim ide u potvrdu u Narodnu skup\u0161tinu. \u010clanovi vladine grupe su novi interventni predlog ozna\u010dili kao trenutno najvec\u0301i privredni intervencionizam u istoriji Slovenije.<\/p>\n<p>Me\u0111u predlo\u017eenim merama koje se odnose na radno-pravno podru\u010dje, novi predlog tako\u0111e interveni\u0161e i u oblasti pomoc\u0301i poljoprivrednicima i oblasti obezbe\u0111enja stabilnosti finansijskog sistema i likvidnosti privrede.<\/p>\n<p>Paket mera nazvan koronazakon namenjen je odr\u017eavanju trenutnog stanja i, prema njihovim re\u010dima, o\u010duvanju radnih mesta, socijalnoj stabilnosti, privrednoj sposobnosti, javnim uslugama, kao i potencijalima u nauci, kulturi i dru\u0161tvu uop\u0161te!<\/p>\n<h2>Te\u0161ko o\u010dekivane nove mere i za samozaposlene<\/h2>\n<p>Za samozaposlene je predvi\u0111eno, da mogu da se izjasne o nemogu\u0107nosti poslovanja sa posebnom elektronskom prijavom (ukoliko ne mogu raditi uop\u0161te ili je moguc\u0301nost zna\u010dajno smanjena). Tako\u0111e \u0107e imati pravo na mese\u010dni temeljni prihod od 70% neto <strong><a href=\"https:\/\/data.si\/srb\/obracun-plate-u-sloveniji\/\">minimalne plate<\/a><\/strong>.<\/p>\n<p>Predlog tako\u0111e uklju\u010duje uplatu doprinosa od strane dr\u017eave do kraja maja i najavljeno odlaganje plac\u0301anja akontacije poreza na dohodak gra\u0111ana.<\/p>\n<p>Ukoliko vam je potreban <strong><a href=\"https:\/\/data.si\/srb\/pravno-savetovanje\/\">pravni savet<\/a><\/strong> ili savet na\u0161ih stru\u010dnjaka za dobijanje potrebnih sredstava za poslovanje, po\u0161aljite nam upit na e-mail <strong><a href=\"mailto:data@data.si\">data@data.si<\/a><\/strong> ili nas nazovite na telefonski broj +386 1 6001 530 ili Viber: +386 30 640 995. Tako\u0111e vam predla\u017eemo da posetite na\u0161 <a href=\"https:\/\/www.facebook.com\/Data-doo-Osnivanje-firme-706699876048920\/\">Facebook<\/a>.<\/p>\n","protected":false},"excerpt":{"rendered":"<p>Koronazakon: vlada je predstavila novi predlog zakona o interventnim merama. Predlo\u017eeno je, izme\u0111u ostalog, i zamrzavanje trenutnog stanja u Sloveniji! Da li ste vlasnik kompanije u Sloveniji i pao vam je promet? DATA pravni stru\u010dnjaci savetuju vas u vezi dr\u017eavne pomo\u0107i! Data d.o.o. je vodec\u0301i pru\u017ealac usluga za preduzetnike koji zapo\u010dinju svoj posao ili ve\u0107 [&hellip;]<\/p>\n","protected":false},"author":13,"featured_media":11654,"comment_status":"closed","ping_status":"closed","sticky":false,"template":"","format":"standard","meta":{"footnotes":""},"categories":[1,10,4],"tags":[1457,12,1454],"yst_prominent_words":[],"class_list":["post-11641","post","type-post","status-publish","format-standard","has-post-thumbnail","hentry","category-biznis","category-eu","category-slovenija","tag-nove-mere-protiv-koronavirusa-u-sloveniji","tag-otvaranje-firme-u-sloveniji","tag-registracija-firme-u-sloveniji-i-eu"],"featured_image_src":{"landsacpe":["https:\/\/data.si\/hr\/wp-content\/uploads\/2020\/03\/Koronazakon-zamrzavanje-stanja-u-Sloveniji-800x445.jpg",800,445,true],"list":["https:\/\/data.si\/hr\/wp-content\/uploads\/2020\/03\/Koronazakon-zamrzavanje-stanja-u-Sloveniji-463x348.jpg",463,348,true],"medium":["https:\/\/data.si\/hr\/wp-content\/uploads\/2020\/03\/Koronazakon-zamrzavanje-stanja-u-Sloveniji-300x188.jpg",300,188,true],"full":["https:\/\/data.si\/hr\/wp-content\/uploads\/2020\/03\/Koronazakon-zamrzavanje-stanja-u-Sloveniji.jpg",800,500,false]},"_links":{"self":[{"href":"https:\/\/data.si\/hr\/wp-json\/wp\/v2\/posts\/11641","targetHints":{"allow":["GET"]}}],"collection":[{"href":"https:\/\/data.si\/hr\/wp-json\/wp\/v2\/posts"}],"about":[{"href":"https:\/\/data.si\/hr\/wp-json\/wp\/v2\/types\/post"}],"author":[{"embeddable":true,"href":"https:\/\/data.si\/hr\/wp-json\/wp\/v2\/users\/13"}],"replies":[{"embeddable":true,"href":"https:\/\/data.si\/hr\/wp-json\/wp\/v2\/comments?post=11641"}],"version-history":[{"count":12,"href":"https:\/\/data.si\/hr\/wp-json\/wp\/v2\/posts\/11641\/revisions"}],"predecessor-version":[{"id":11656,"href":"https:\/\/data.si\/hr\/wp-json\/wp\/v2\/posts\/11641\/revisions\/11656"}],"wp:featuredmedia":[{"embeddable":true,"href":"https:\/\/data.si\/hr\/wp-json\/wp\/v2\/media\/11654"}],"wp:attachment":[{"href":"https:\/\/data.si\/hr\/wp-json\/wp\/v2\/media?parent=11641"}],"wp:term":[{"taxonomy":"category","embeddable":true,"href":"https:\/\/data.si\/hr\/wp-json\/wp\/v2\/categories?post=11641"},{"taxonomy":"post_tag","embeddable":true,"href":"https:\/\/data.si\/hr\/wp-json\/wp\/v2\/tags?post=11641"},{"taxonomy":"yst_prominent_words","embeddable":true,"href":"https:\/\/data.si\/hr\/wp-json\/wp\/v2\/yst_prominent_words?post=11641"}],"curies":[{"name":"wp","href":"https:\/\/api.w.org\/{rel}","templated":true}]}}