{"id":115,"date":"2014-06-05T10:32:59","date_gmt":"2014-06-05T08:32:59","guid":{"rendered":"http:\/\/data.si\/hr\/?p=115"},"modified":"2019-02-27T08:49:55","modified_gmt":"2019-02-27T07:49:55","slug":"placa-u-sloveniji","status":"publish","type":"post","link":"https:\/\/data.si\/hr\/placa-u-sloveniji\/","title":{"rendered":"Pla\u0107a u Sloveniji"},"content":{"rendered":"<p>Svaka zaposlena osoba mora primati pla\u0107u za svoj rad. Poslodavac mora u skladu sa zakonom i Kolektivnim ugovorom platiti najmanje minimalnu pla\u0107u na privatni ra\u010dun radnika. Prema podacima iz mjeseca januara 2016\u00a0slovenska minimalna bruto pla\u0107a je 790,73 \u20ac\u00a0bruto, a prosje\u010dna slovenska pla\u0107a 1.594,93\u00a0\u20ac bruto (decembar 2015).<\/p>\n<p>Bruto pla\u0107a u Sloveniji je osnova za obra\u010dun doprinosa za socijalno osiguranje i ostale doprinose. Bruto pla\u0107a radnika navedena je u ugovoru o radu. Radnik prima na svoj privatni bankovni ra\u010dun neto pla\u0107u, nakon \u0161to su svi doprinosi i porezi pla\u0107eni. Osim pla\u0107e radnik ima pravo na naknadu tro\u0161kova za prehranu tijekom rada, tro\u0161kova prijevoza na rad i putne tro\u0161kove.<\/p>\n<p>Na\u0161i savjetnici mogu pru\u017eiti savjetovanje u vezi s pla\u0107ama u Sloveniji. Nazovite nas na telefonski broj +386 (0)1 600 15 30 ili nas kontaktirajte putem e-maila:\u00a0<a href=\"mailto:data@data.si\">data@data.si<\/a>. Pratite nas i na na\u0161oj <a href=\"https:\/\/www.facebook.com\/Data-doo-Osnivanje-firme-706699876048920\/\" target=\"_blank\" rel=\"noopener\">Facebook stranici<\/a>.<\/p>\n","protected":false},"excerpt":{"rendered":"<p>Svaka zaposlena osoba mora primati pla\u0107u za svoj rad. Poslodavac mora u skladu sa zakonom i Kolektivnim ugovorom platiti najmanje minimalnu pla\u0107u na privatni ra\u010dun radnika. Prema podacima iz mjeseca januara 2016\u00a0slovenska minimalna bruto pla\u0107a je 790,73 \u20ac\u00a0bruto, a prosje\u010dna slovenska pla\u0107a 1.594,93\u00a0\u20ac bruto (decembar 2015). Bruto pla\u0107a u Sloveniji je osnova za obra\u010dun doprinosa [&hellip;]<\/p>\n","protected":false},"author":1,"featured_media":128,"comment_status":"open","ping_status":"closed","sticky":false,"template":"","format":"standard","meta":{"footnotes":""},"categories":[1,10,4],"tags":[106,1247,127,1246,1248,126],"yst_prominent_words":[],"class_list":["post-115","post","type-post","status-publish","format-standard","has-post-thumbnail","hentry","category-biznis","category-eu","category-slovenija","tag-biznis-u-sloveniji","tag-bruto-placa","tag-minimalna-bruto-placa-u-sloveniji","tag-minimalna-placa","tag-neto-placa","tag-placa-u-sloveniji"],"featured_image_src":{"landsacpe":["https:\/\/data.si\/hr\/wp-content\/uploads\/2016\/03\/placa-u-sloveniji-1140x445.jpg",1140,445,true],"list":["https:\/\/data.si\/hr\/wp-content\/uploads\/2016\/03\/placa-u-sloveniji-463x348.jpg",463,348,true],"medium":["https:\/\/data.si\/hr\/wp-content\/uploads\/2016\/03\/placa-u-sloveniji-300x177.jpg",300,177,true],"full":["https:\/\/data.si\/hr\/wp-content\/uploads\/2016\/03\/placa-u-sloveniji.jpg",1500,887,false]},"_links":{"self":[{"href":"https:\/\/data.si\/hr\/wp-json\/wp\/v2\/posts\/115","targetHints":{"allow":["GET"]}}],"collection":[{"href":"https:\/\/data.si\/hr\/wp-json\/wp\/v2\/posts"}],"about":[{"href":"https:\/\/data.si\/hr\/wp-json\/wp\/v2\/types\/post"}],"author":[{"embeddable":true,"href":"https:\/\/data.si\/hr\/wp-json\/wp\/v2\/users\/1"}],"replies":[{"embeddable":true,"href":"https:\/\/data.si\/hr\/wp-json\/wp\/v2\/comments?post=115"}],"version-history":[{"count":1,"href":"https:\/\/data.si\/hr\/wp-json\/wp\/v2\/posts\/115\/revisions"}],"predecessor-version":[{"id":7951,"href":"https:\/\/data.si\/hr\/wp-json\/wp\/v2\/posts\/115\/revisions\/7951"}],"wp:featuredmedia":[{"embeddable":true,"href":"https:\/\/data.si\/hr\/wp-json\/wp\/v2\/media\/128"}],"wp:attachment":[{"href":"https:\/\/data.si\/hr\/wp-json\/wp\/v2\/media?parent=115"}],"wp:term":[{"taxonomy":"category","embeddable":true,"href":"https:\/\/data.si\/hr\/wp-json\/wp\/v2\/categories?post=115"},{"taxonomy":"post_tag","embeddable":true,"href":"https:\/\/data.si\/hr\/wp-json\/wp\/v2\/tags?post=115"},{"taxonomy":"yst_prominent_words","embeddable":true,"href":"https:\/\/data.si\/hr\/wp-json\/wp\/v2\/yst_prominent_words?post=115"}],"curies":[{"name":"wp","href":"https:\/\/api.w.org\/{rel}","templated":true}]}}