{"id":11356,"date":"2020-02-05T13:23:32","date_gmt":"2020-02-05T12:23:32","guid":{"rendered":"https:\/\/data.si\/hr\/?p=11356"},"modified":"2020-02-05T13:23:32","modified_gmt":"2020-02-05T12:23:32","slug":"upucivanje-radnika-na-rad-u-austriju-novine-od-1-1-2020","status":"publish","type":"post","link":"https:\/\/data.si\/hr\/upucivanje-radnika-na-rad-u-austriju-novine-od-1-1-2020\/","title":{"rendered":"Upu\u0107ivanje radnika na rad u Austriju &#8211; novine od 1.1.2020"},"content":{"rendered":"<p>Upu\u0107ivanje radnika na rad u Austriju tema je, koja vas zanima? U ovoj godini do\u0161lo je do izvesnih promena u vezi sa kompanijama koje upu\u0107uju svoje radnike u Austriju. Upu\u0107ivanje radnika zna\u010di da kompanija koja posluje u Sloveniji mo\u017ee tako\u0111e slati svoje radnike na projekte u druge zemlje EU. Do\u0161lo je do promena kolektivnih ugovora prilikom upu\u0107ivanja radnika u Austriju. Ove novine stupile su na snagu 1.1.2020. Uglavnom uti\u010du na promene u zaradi po satima.<\/p>\n<p>Da li vas zanima\u00a0<strong><a href=\"https:\/\/data.si\/hr\/kratak-vodic-za-otvaranje-firme-u-sloveniji\/\">postupak registracije firme u Sloveniji<\/a><\/strong>?<\/p>\n<p><a href=\"https:\/\/data.si\/srb\/kontakt\/\"><img loading=\"lazy\" decoding=\"async\" class=\"aligncenter wp-image-22360\" src=\"https:\/\/data.si\/srb\/wp-content\/uploads\/2020\/01\/Kontakt-1.jpg\" alt=\"\" width=\"665\" height=\"326\" \/><\/a><\/p>\n<p>Na\u0161e knjigovo\u0111e mogu ponuditi\u00a0<strong><a href=\"https:\/\/data.si\/hr\/knjigovodstvene-usluge\/\">knjigovodstvene<\/a><\/strong>,\u00a0<strong><a href=\"https:\/\/data.si\/hr\/poresko-finansijsko-savetovanje\/\">poreske i finansijske usluge<\/a><\/strong>\u00a0u skladu sa slovena\u010dkim knjigovodstvenim standardima. Data ima\u00a045 stru\u010dnjaka sa razli\u010ditih podru\u010dja, koji vam mogu ponuditi\u00a0poslovno savetovanje\u00a0u vezi oporezivanja, radnog zakonodavstva, osoblja i preduzetni\u0161tva. Imamo tako\u0111e i\u00a0<strong><a href=\"https:\/\/data.si\/hr\/pravno-savjetovanje\/\">pravnike u DATI<\/a><\/strong>, koji vam mogu pripremiti ugovore iz civilnog i privrednog prava u skladu sa slovena\u010dkim zakonodavstvom.<\/p>\n<h2>Upu\u0107ivanje radnika na rad u Austriju: koje su novine?<\/h2>\n<p>Vec\u0301ina promena uti\u010de na promene kolektivnih ugovora za odre\u0111ene poslovne sektore. Oni uklju\u010duju kolektivne ugovore i promene u platama za voza\u010de u me\u0111unarodnom prevozu robe i putnika. Pored toga, uklju\u010duju sektor isporuke hrane, zaposlene u trgovini, uslu\u017enoj industriji, hemijskoj industriji, industriji prerade gvo\u017e\u0111a i metala, finansijama, IT uslugama, marketingu i ogla\u0161avanju.<\/p>\n<p style=\"text-align: center;\"><strong><a class=\"link-orange-button button-medium\" style=\"background-color: #f87217 !important;\" title=\"\u017delite otvoriti firmu u Sloveniji? Po\u0161aljite nam poruku\" href=\"https:\/\/data.si\/srb\/kontakt\/\">\u017delim vi\u0161e informacija o otvaranju firme u Sloveniji<\/a><\/strong><\/p>\n<h2>Upu\u0107ivanje radnika u Austriju &#8211; pove\u0107anje plata<\/h2>\n<p>Plate c\u0301e se tako\u0111e povec\u0301ati za one koji nisu iz EU, a koji su upuc\u0301eni u Austriju i imaju 30 godina ili su mla\u0111i ili koji su zavr\u0161ili fakultet na austrijskom univerzitetu.<\/p>\n<p>Primenjivac\u0301e se samo za one koji prvi put podnesu zahtev za dozvolu ili obnove dozvolu. Nezvani\u010dni naziv ove dozvole je \u201ecrveno-belo-crveni karton\u201c.<\/p>\n<p>Promene ne bi trebalo da uti\u010du na one, koji vec\u0301 imaju dozvolu ili su u postupku.<\/p>\n<p>Ove novine se nec\u0301e primeniti na one radnike koji su u Austriji na kratkotrajnoj radnoj i boravi\u0161noj dozvoli. Pored toga, nec\u0301e uticati na one koji rade u Austriji sa dozvolama za prekograni\u010dno obavljanje usluga unutar kapitalski povezane firme i na one koji imaju crveno-beli-crveni karton zbog zapo\u0161ljavanja deficitarnih radnika.<\/p>\n<h2>Da li vas zanima postupak otvaranja firme u Sloveniji?<\/h2>\n<p>Ukoliko vas interesuje postupak otvaranja firme u Sloveniji ili vam je potreban pravni savet, po\u0161aljite nam upit na\u00a0e-mail\u00a0<strong><a href=\"mailto:data@data.si\">data@data.si<\/a><\/strong>\u00a0ili nas nazovite na telefonski broj +386 1 6001 530 ili Viber: +386 30 640 995. Tako\u0111e vam predla\u017eemo da posetite na\u0161\u00a0<a href=\"https:\/\/www.facebook.com\/Data-doo-Osnivanje-firme-706699876048920\/\">Facebook<\/a>.<\/p>\n","protected":false},"excerpt":{"rendered":"<p>Upu\u0107ivanje radnika na rad u Austriju tema je, koja vas zanima? U ovoj godini do\u0161lo je do izvesnih promena u vezi sa kompanijama koje upu\u0107uju svoje radnike u Austriju. Upu\u0107ivanje radnika zna\u010di da kompanija koja posluje u Sloveniji mo\u017ee tako\u0111e slati svoje radnike na projekte u druge zemlje EU. Do\u0161lo je do promena kolektivnih ugovora [&hellip;]<\/p>\n","protected":false},"author":13,"featured_media":11366,"comment_status":"closed","ping_status":"closed","sticky":false,"template":"","format":"standard","meta":{"footnotes":""},"categories":[1,10,6,4],"tags":[1173,36,1448],"yst_prominent_words":[],"class_list":["post-11356","post","type-post","status-publish","format-standard","has-post-thumbnail","hentry","category-biznis","category-eu","category-osnivanje-poduzeca","category-slovenija","tag-otvaranje-kompanije-u-sloveniji","tag-registracija-firme-u-sloveniji","tag-upucivanje-radnika-na-rad"],"featured_image_src":{"landsacpe":["https:\/\/data.si\/hr\/wp-content\/uploads\/2020\/02\/Upu\u0107ivanje-radnika-na-rad-u-Austriju-novine-od-1.1.2020-800x445.jpg",800,445,true],"list":["https:\/\/data.si\/hr\/wp-content\/uploads\/2020\/02\/Upu\u0107ivanje-radnika-na-rad-u-Austriju-novine-od-1.1.2020-463x348.jpg",463,348,true],"medium":["https:\/\/data.si\/hr\/wp-content\/uploads\/2020\/02\/Upu\u0107ivanje-radnika-na-rad-u-Austriju-novine-od-1.1.2020-300x188.jpg",300,188,true],"full":["https:\/\/data.si\/hr\/wp-content\/uploads\/2020\/02\/Upu\u0107ivanje-radnika-na-rad-u-Austriju-novine-od-1.1.2020.jpg",800,500,false]},"_links":{"self":[{"href":"https:\/\/data.si\/hr\/wp-json\/wp\/v2\/posts\/11356","targetHints":{"allow":["GET"]}}],"collection":[{"href":"https:\/\/data.si\/hr\/wp-json\/wp\/v2\/posts"}],"about":[{"href":"https:\/\/data.si\/hr\/wp-json\/wp\/v2\/types\/post"}],"author":[{"embeddable":true,"href":"https:\/\/data.si\/hr\/wp-json\/wp\/v2\/users\/13"}],"replies":[{"embeddable":true,"href":"https:\/\/data.si\/hr\/wp-json\/wp\/v2\/comments?post=11356"}],"version-history":[{"count":9,"href":"https:\/\/data.si\/hr\/wp-json\/wp\/v2\/posts\/11356\/revisions"}],"predecessor-version":[{"id":11365,"href":"https:\/\/data.si\/hr\/wp-json\/wp\/v2\/posts\/11356\/revisions\/11365"}],"wp:featuredmedia":[{"embeddable":true,"href":"https:\/\/data.si\/hr\/wp-json\/wp\/v2\/media\/11366"}],"wp:attachment":[{"href":"https:\/\/data.si\/hr\/wp-json\/wp\/v2\/media?parent=11356"}],"wp:term":[{"taxonomy":"category","embeddable":true,"href":"https:\/\/data.si\/hr\/wp-json\/wp\/v2\/categories?post=11356"},{"taxonomy":"post_tag","embeddable":true,"href":"https:\/\/data.si\/hr\/wp-json\/wp\/v2\/tags?post=11356"},{"taxonomy":"yst_prominent_words","embeddable":true,"href":"https:\/\/data.si\/hr\/wp-json\/wp\/v2\/yst_prominent_words?post=11356"}],"curies":[{"name":"wp","href":"https:\/\/api.w.org\/{rel}","templated":true}]}}